{"id":14191,"date":"2019-08-08T15:30:03","date_gmt":"2019-08-08T15:30:03","guid":{"rendered":"https:\/\/medianeeds.es\/?p=14191"},"modified":"2019-08-08T15:31:12","modified_gmt":"2019-08-08T15:31:12","slug":"facebook-sigue-creciendo","status":"publish","type":"post","link":"https:\/\/medianeeds.es\/es\/facebook-sigue-creciendo\/","title":{"rendered":"Facebook sigue creciendo!"},"content":{"rendered":"<p>La plataforma fue creada por Mark Zuckerberg, un estudiante de Harvard que tuvo problemas al recopilar los nombres y fotograf\u00edas de su universidad. Sin embargo el proyecto continu\u00f3 avanzando y en 2009 ya se hab\u00eda convertido en una de las redes sociales m\u00e1s utilizadas en el mundo.<\/p>\n<p><strong>Las claves de su \u00e9xito<\/strong><\/p>\n<p>Facebook es una plataforma que ayuda a los usuarios a tener mayor comunicaci\u00f3n entre sus contactos y mejorar los canales de interacci\u00f3n, algunas de las caracter\u00edsticas que lo han hecho tan popular son:<\/p>\n<ul>\n<li>Interactividad: puedes responder, reaccionar e intercambiar opiniones.<\/li>\n<li>Accesibilidad: es accesible desde m\u00f3viles y ordenadores<\/li>\n<li>Bidireccionalidad: permite la interacci\u00f3n entre las marcas y sus clientes<\/li>\n<li>Medio masivo: los mensajes pueden llegar a grandes cantidades de personas<\/li>\n<li>Inmediatez: permite tener noticias en tiempo real<\/li>\n<li>Gratuidad: la red es gratuita para todos los usuarios, aunque tambi\u00e9n permite invertir.<\/li>\n<li>Medible: gracias a sus estad\u00edsticas.<\/li>\n<\/ul>\n<p>A pesar de los esc\u00e1ndalos que sufri\u00f3 la red social para la privacidad o las quejas que ha podido recibir, los resultados de Facebook demuestran que todo les va muy bien. Los anunciantes apuestan de forma clara por ellos y han cerrado el segundo trimestre del a\u00f1o con buenos n\u00fameros. Pero no S\u00f3lo ha facturaci\u00f3n mucho dinero, sino que tamb\u00e9 ha ganado.<\/p>\n<p>Aunque la red social Recibe golpes por todas partes y se elemento de cr\u00edticas, aunque no ha perdido super brillo en el mundo publicitario. Su principal fuente de ingresos son los anuncios y las Cifras de cierre de trimestre demuestra que A\u00fan las queda mucho camino por delante.<\/p>\n<p>Adem\u00e1s, debemos recordar que Facebook compr\u00f3 tambi\u00e9n otras plataformas:<\/p>\n<ul>\n<li><strong>Instagram<\/strong>, la principal competencia de Facebook fue comprada en 2012 por 1.000 millones de d\u00f3lares.<\/li>\n<li><strong>WhatsApp<\/strong> fue comprado por 20.000 millones de d\u00f3lares en 2014.<\/li>\n<\/ul>\n<p>&nbsp;<\/p>\n<p><span style=\"color: #800080;\"><strong>Si quieres estar al d\u00eda en las redes sociales y sacar el mayor rendimiento, ponte en contacto con nosotros y te asesoraremos!<\/strong><\/span><\/p>\n","protected":false},"excerpt":{"rendered":"<p>La plataforma fue creada por Mark Zuckerberg, un estudiante de Harvard que tuvo problemas al recopilar los nombres y fotograf\u00edas de su universidad. Sin embargo el proyecto continu\u00f3 avanzando y en 2009 ya se hab\u00eda convertido en una de las redes sociales m\u00e1s utilizadas en el mundo. Las claves de su \u00e9xito Facebook es una [&hellip;]<\/p>\n","protected":false},"author":1,"featured_media":14185,"comment_status":"closed","ping_status":"closed","sticky":false,"template":"","format":"standard","meta":{"_et_pb_use_builder":"","_et_pb_old_content":"","_et_gb_content_width":"","footnotes":""},"categories":[249,252,23],"tags":[],"class_list":["post-14191","post","type-post","status-publish","format-standard","has-post-thumbnail","hentry","category-destacados","category-noticias","category-noticies-es"],"yoast_head":"<!-- This site is optimized with the Yoast SEO plugin v27.4 - https:\/\/yoast.com\/product\/yoast-seo-wordpress\/ -->\n<title>Facebook sigue creciendo! - M\u00e0rketing Reus | Media Needs Reus | Ag\u00e8ncia de publicitat Reus<\/title>\n<meta name=\"robots\" content=\"index, follow, max-snippet:-1, max-image-preview:large, max-video-preview:-1\" \/>\n<link rel=\"canonical\" href=\"https:\/\/medianeeds.es\/es\/facebook-sigue-creciendo\/\" \/>\n<meta property=\"og:locale\" content=\"es_ES\" \/>\n<meta property=\"og:type\" content=\"article\" \/>\n<meta property=\"og:title\" content=\"Facebook sigue creciendo! - M\u00e0rketing Reus | Media Needs Reus | Ag\u00e8ncia de publicitat Reus\" \/>\n<meta property=\"og:description\" content=\"La plataforma fue creada por Mark Zuckerberg, un estudiante de Harvard que tuvo problemas al recopilar los nombres y fotograf\u00edas de su universidad. Sin embargo el proyecto continu\u00f3 avanzando y en 2009 ya se hab\u00eda convertido en una de las redes sociales m\u00e1s utilizadas en el mundo. Las claves de su \u00e9xito Facebook es una [&hellip;]\" \/>\n<meta property=\"og:url\" content=\"https:\/\/medianeeds.es\/es\/facebook-sigue-creciendo\/\" \/>\n<meta property=\"og:site_name\" content=\"M\u00e0rketing Reus | Media Needs Reus | Ag\u00e8ncia de publicitat Reus\" \/>\n<meta property=\"article:publisher\" content=\"https:\/\/www.facebook.com\/medianeeds.es\/\" \/>\n<meta property=\"article:published_time\" content=\"2019-08-08T15:30:03+00:00\" \/>\n<meta property=\"article:modified_time\" content=\"2019-08-08T15:31:12+00:00\" \/>\n<meta property=\"og:image\" content=\"https:\/\/medianeeds.es\/wp-content\/uploads\/2019\/08\/blog-1024x646.jpg\" \/>\n\t<meta property=\"og:image:width\" content=\"1024\" \/>\n\t<meta property=\"og:image:height\" content=\"646\" \/>\n\t<meta property=\"og:image:type\" content=\"image\/jpeg\" \/>\n<meta name=\"author\" content=\"Medianeeds\" \/>\n<meta name=\"twitter:label1\" content=\"Escrito por\" \/>\n\t<meta name=\"twitter:data1\" content=\"Medianeeds\" \/>\n\t<meta name=\"twitter:label2\" content=\"Tiempo de lectura\" \/>\n\t<meta name=\"twitter:data2\" content=\"2 minutos\" \/>\n<script type=\"application\/ld+json\" class=\"yoast-schema-graph\">{\"@context\":\"https:\\\/\\\/schema.org\",\"@graph\":[{\"@type\":\"Article\",\"@id\":\"https:\\\/\\\/medianeeds.es\\\/es\\\/facebook-sigue-creciendo\\\/#article\",\"isPartOf\":{\"@id\":\"https:\\\/\\\/medianeeds.es\\\/es\\\/facebook-sigue-creciendo\\\/\"},\"author\":{\"name\":\"Medianeeds\",\"@id\":\"https:\\\/\\\/medianeeds.es\\\/#\\\/schema\\\/person\\\/6a6f2f17f283df3eeb0946feebd2af79\"},\"headline\":\"Facebook sigue creciendo!\",\"datePublished\":\"2019-08-08T15:30:03+00:00\",\"dateModified\":\"2019-08-08T15:31:12+00:00\",\"mainEntityOfPage\":{\"@id\":\"https:\\\/\\\/medianeeds.es\\\/es\\\/facebook-sigue-creciendo\\\/\"},\"wordCount\":332,\"publisher\":{\"@id\":\"https:\\\/\\\/medianeeds.es\\\/#organization\"},\"image\":{\"@id\":\"https:\\\/\\\/medianeeds.es\\\/es\\\/facebook-sigue-creciendo\\\/#primaryimage\"},\"thumbnailUrl\":\"https:\\\/\\\/medianeeds.es\\\/wp-content\\\/uploads\\\/2019\\\/08\\\/blog.jpg\",\"articleSection\":[\"Destacados\",\"Noticias\",\"Not\u00edcies\"],\"inLanguage\":\"es\"},{\"@type\":\"WebPage\",\"@id\":\"https:\\\/\\\/medianeeds.es\\\/es\\\/facebook-sigue-creciendo\\\/\",\"url\":\"https:\\\/\\\/medianeeds.es\\\/es\\\/facebook-sigue-creciendo\\\/\",\"name\":\"Facebook sigue creciendo! - M\u00e0rketing Reus | Media Needs Reus | Ag\u00e8ncia de publicitat Reus\",\"isPartOf\":{\"@id\":\"https:\\\/\\\/medianeeds.es\\\/#website\"},\"primaryImageOfPage\":{\"@id\":\"https:\\\/\\\/medianeeds.es\\\/es\\\/facebook-sigue-creciendo\\\/#primaryimage\"},\"image\":{\"@id\":\"https:\\\/\\\/medianeeds.es\\\/es\\\/facebook-sigue-creciendo\\\/#primaryimage\"},\"thumbnailUrl\":\"https:\\\/\\\/medianeeds.es\\\/wp-content\\\/uploads\\\/2019\\\/08\\\/blog.jpg\",\"datePublished\":\"2019-08-08T15:30:03+00:00\",\"dateModified\":\"2019-08-08T15:31:12+00:00\",\"breadcrumb\":{\"@id\":\"https:\\\/\\\/medianeeds.es\\\/es\\\/facebook-sigue-creciendo\\\/#breadcrumb\"},\"inLanguage\":\"es\",\"potentialAction\":[{\"@type\":\"ReadAction\",\"target\":[\"https:\\\/\\\/medianeeds.es\\\/es\\\/facebook-sigue-creciendo\\\/\"]}]},{\"@type\":\"ImageObject\",\"inLanguage\":\"es\",\"@id\":\"https:\\\/\\\/medianeeds.es\\\/es\\\/facebook-sigue-creciendo\\\/#primaryimage\",\"url\":\"https:\\\/\\\/medianeeds.es\\\/wp-content\\\/uploads\\\/2019\\\/08\\\/blog.jpg\",\"contentUrl\":\"https:\\\/\\\/medianeeds.es\\\/wp-content\\\/uploads\\\/2019\\\/08\\\/blog.jpg\",\"width\":11776,\"height\":7429},{\"@type\":\"BreadcrumbList\",\"@id\":\"https:\\\/\\\/medianeeds.es\\\/es\\\/facebook-sigue-creciendo\\\/#breadcrumb\",\"itemListElement\":[{\"@type\":\"ListItem\",\"position\":1,\"name\":\"Portada\",\"item\":\"https:\\\/\\\/medianeeds.es\\\/\"},{\"@type\":\"ListItem\",\"position\":2,\"name\":\"Facebook sigue creciendo!\"}]},{\"@type\":\"WebSite\",\"@id\":\"https:\\\/\\\/medianeeds.es\\\/#website\",\"url\":\"https:\\\/\\\/medianeeds.es\\\/\",\"name\":\"M\u00e0rketing Reus | Media Needs Reus | Ag\u00e8ncia de publicitat Reus\",\"description\":\"MediaNeeds \u00e9s una empresa especialitzada en serveis integrals de publicitat, m\u00e0rqueting on-line i community manager a Reus, Tarragona\",\"publisher\":{\"@id\":\"https:\\\/\\\/medianeeds.es\\\/#organization\"},\"alternateName\":\"Media Needs\",\"potentialAction\":[{\"@type\":\"SearchAction\",\"target\":{\"@type\":\"EntryPoint\",\"urlTemplate\":\"https:\\\/\\\/medianeeds.es\\\/?s={search_term_string}\"},\"query-input\":{\"@type\":\"PropertyValueSpecification\",\"valueRequired\":true,\"valueName\":\"search_term_string\"}}],\"inLanguage\":\"es\"},{\"@type\":\"Organization\",\"@id\":\"https:\\\/\\\/medianeeds.es\\\/#organization\",\"name\":\"M\u00e0rketing Reus | Media Needs Reus | Ag\u00e8ncia de publicitat Reus\",\"alternateName\":\"Media Needs\",\"url\":\"https:\\\/\\\/medianeeds.es\\\/\",\"logo\":{\"@type\":\"ImageObject\",\"inLanguage\":\"es\",\"@id\":\"https:\\\/\\\/medianeeds.es\\\/#\\\/schema\\\/logo\\\/image\\\/\",\"url\":\"https:\\\/\\\/medianeeds.es\\\/wp-content\\\/uploads\\\/2024\\\/06\\\/COLOR_Mesa-de-trabajo-1-copia.png\",\"contentUrl\":\"https:\\\/\\\/medianeeds.es\\\/wp-content\\\/uploads\\\/2024\\\/06\\\/COLOR_Mesa-de-trabajo-1-copia.png\",\"width\":470,\"height\":226,\"caption\":\"M\u00e0rketing Reus | Media Needs Reus | Ag\u00e8ncia de publicitat Reus\"},\"image\":{\"@id\":\"https:\\\/\\\/medianeeds.es\\\/#\\\/schema\\\/logo\\\/image\\\/\"},\"sameAs\":[\"https:\\\/\\\/www.facebook.com\\\/medianeeds.es\\\/\",\"https:\\\/\\\/x.com\\\/media_needs\",\"https:\\\/\\\/www.instagram.com\\\/medianeeds\\\/?hl=es\"]},{\"@type\":\"Person\",\"@id\":\"https:\\\/\\\/medianeeds.es\\\/#\\\/schema\\\/person\\\/6a6f2f17f283df3eeb0946feebd2af79\",\"name\":\"Medianeeds\",\"image\":{\"@type\":\"ImageObject\",\"inLanguage\":\"es\",\"@id\":\"https:\\\/\\\/secure.gravatar.com\\\/avatar\\\/442251953f111b43a4668103c7b7c09aa35690e525473fb0bb9db0681ee9c0c3?s=96&d=mm&r=g\",\"url\":\"https:\\\/\\\/secure.gravatar.com\\\/avatar\\\/442251953f111b43a4668103c7b7c09aa35690e525473fb0bb9db0681ee9c0c3?s=96&d=mm&r=g\",\"contentUrl\":\"https:\\\/\\\/secure.gravatar.com\\\/avatar\\\/442251953f111b43a4668103c7b7c09aa35690e525473fb0bb9db0681ee9c0c3?s=96&d=mm&r=g\",\"caption\":\"Medianeeds\"},\"url\":\"https:\\\/\\\/medianeeds.es\\\/es\\\/author\\\/medianeeds\\\/\"}]}<\/script>\n<!-- \/ Yoast SEO plugin. -->","yoast_head_json":{"title":"Facebook sigue creciendo! - M\u00e0rketing Reus | Media Needs Reus | Ag\u00e8ncia de publicitat Reus","robots":{"index":"index","follow":"follow","max-snippet":"max-snippet:-1","max-image-preview":"max-image-preview:large","max-video-preview":"max-video-preview:-1"},"canonical":"https:\/\/medianeeds.es\/es\/facebook-sigue-creciendo\/","og_locale":"es_ES","og_type":"article","og_title":"Facebook sigue creciendo! - M\u00e0rketing Reus | Media Needs Reus | Ag\u00e8ncia de publicitat Reus","og_description":"La plataforma fue creada por Mark Zuckerberg, un estudiante de Harvard que tuvo problemas al recopilar los nombres y fotograf\u00edas de su universidad. Sin embargo el proyecto continu\u00f3 avanzando y en 2009 ya se hab\u00eda convertido en una de las redes sociales m\u00e1s utilizadas en el mundo. Las claves de su \u00e9xito Facebook es una [&hellip;]","og_url":"https:\/\/medianeeds.es\/es\/facebook-sigue-creciendo\/","og_site_name":"M\u00e0rketing Reus | Media Needs Reus | Ag\u00e8ncia de publicitat Reus","article_publisher":"https:\/\/www.facebook.com\/medianeeds.es\/","article_published_time":"2019-08-08T15:30:03+00:00","article_modified_time":"2019-08-08T15:31:12+00:00","og_image":[{"width":1024,"height":646,"url":"https:\/\/medianeeds.es\/wp-content\/uploads\/2019\/08\/blog-1024x646.jpg","type":"image\/jpeg"}],"author":"Medianeeds","twitter_misc":{"Escrito por":"Medianeeds","Tiempo de lectura":"2 minutos"},"schema":{"@context":"https:\/\/schema.org","@graph":[{"@type":"Article","@id":"https:\/\/medianeeds.es\/es\/facebook-sigue-creciendo\/#article","isPartOf":{"@id":"https:\/\/medianeeds.es\/es\/facebook-sigue-creciendo\/"},"author":{"name":"Medianeeds","@id":"https:\/\/medianeeds.es\/#\/schema\/person\/6a6f2f17f283df3eeb0946feebd2af79"},"headline":"Facebook sigue creciendo!","datePublished":"2019-08-08T15:30:03+00:00","dateModified":"2019-08-08T15:31:12+00:00","mainEntityOfPage":{"@id":"https:\/\/medianeeds.es\/es\/facebook-sigue-creciendo\/"},"wordCount":332,"publisher":{"@id":"https:\/\/medianeeds.es\/#organization"},"image":{"@id":"https:\/\/medianeeds.es\/es\/facebook-sigue-creciendo\/#primaryimage"},"thumbnailUrl":"https:\/\/medianeeds.es\/wp-content\/uploads\/2019\/08\/blog.jpg","articleSection":["Destacados","Noticias","Not\u00edcies"],"inLanguage":"es"},{"@type":"WebPage","@id":"https:\/\/medianeeds.es\/es\/facebook-sigue-creciendo\/","url":"https:\/\/medianeeds.es\/es\/facebook-sigue-creciendo\/","name":"Facebook sigue creciendo! - M\u00e0rketing Reus | Media Needs Reus | Ag\u00e8ncia de publicitat Reus","isPartOf":{"@id":"https:\/\/medianeeds.es\/#website"},"primaryImageOfPage":{"@id":"https:\/\/medianeeds.es\/es\/facebook-sigue-creciendo\/#primaryimage"},"image":{"@id":"https:\/\/medianeeds.es\/es\/facebook-sigue-creciendo\/#primaryimage"},"thumbnailUrl":"https:\/\/medianeeds.es\/wp-content\/uploads\/2019\/08\/blog.jpg","datePublished":"2019-08-08T15:30:03+00:00","dateModified":"2019-08-08T15:31:12+00:00","breadcrumb":{"@id":"https:\/\/medianeeds.es\/es\/facebook-sigue-creciendo\/#breadcrumb"},"inLanguage":"es","potentialAction":[{"@type":"ReadAction","target":["https:\/\/medianeeds.es\/es\/facebook-sigue-creciendo\/"]}]},{"@type":"ImageObject","inLanguage":"es","@id":"https:\/\/medianeeds.es\/es\/facebook-sigue-creciendo\/#primaryimage","url":"https:\/\/medianeeds.es\/wp-content\/uploads\/2019\/08\/blog.jpg","contentUrl":"https:\/\/medianeeds.es\/wp-content\/uploads\/2019\/08\/blog.jpg","width":11776,"height":7429},{"@type":"BreadcrumbList","@id":"https:\/\/medianeeds.es\/es\/facebook-sigue-creciendo\/#breadcrumb","itemListElement":[{"@type":"ListItem","position":1,"name":"Portada","item":"https:\/\/medianeeds.es\/"},{"@type":"ListItem","position":2,"name":"Facebook sigue creciendo!"}]},{"@type":"WebSite","@id":"https:\/\/medianeeds.es\/#website","url":"https:\/\/medianeeds.es\/","name":"M\u00e0rketing Reus | Media Needs Reus | Ag\u00e8ncia de publicitat Reus","description":"MediaNeeds \u00e9s una empresa especialitzada en serveis integrals de publicitat, m\u00e0rqueting on-line i community manager a Reus, Tarragona","publisher":{"@id":"https:\/\/medianeeds.es\/#organization"},"alternateName":"Media Needs","potentialAction":[{"@type":"SearchAction","target":{"@type":"EntryPoint","urlTemplate":"https:\/\/medianeeds.es\/?s={search_term_string}"},"query-input":{"@type":"PropertyValueSpecification","valueRequired":true,"valueName":"search_term_string"}}],"inLanguage":"es"},{"@type":"Organization","@id":"https:\/\/medianeeds.es\/#organization","name":"M\u00e0rketing Reus | Media Needs Reus | Ag\u00e8ncia de publicitat Reus","alternateName":"Media Needs","url":"https:\/\/medianeeds.es\/","logo":{"@type":"ImageObject","inLanguage":"es","@id":"https:\/\/medianeeds.es\/#\/schema\/logo\/image\/","url":"https:\/\/medianeeds.es\/wp-content\/uploads\/2024\/06\/COLOR_Mesa-de-trabajo-1-copia.png","contentUrl":"https:\/\/medianeeds.es\/wp-content\/uploads\/2024\/06\/COLOR_Mesa-de-trabajo-1-copia.png","width":470,"height":226,"caption":"M\u00e0rketing Reus | Media Needs Reus | Ag\u00e8ncia de publicitat Reus"},"image":{"@id":"https:\/\/medianeeds.es\/#\/schema\/logo\/image\/"},"sameAs":["https:\/\/www.facebook.com\/medianeeds.es\/","https:\/\/x.com\/media_needs","https:\/\/www.instagram.com\/medianeeds\/?hl=es"]},{"@type":"Person","@id":"https:\/\/medianeeds.es\/#\/schema\/person\/6a6f2f17f283df3eeb0946feebd2af79","name":"Medianeeds","image":{"@type":"ImageObject","inLanguage":"es","@id":"https:\/\/secure.gravatar.com\/avatar\/442251953f111b43a4668103c7b7c09aa35690e525473fb0bb9db0681ee9c0c3?s=96&d=mm&r=g","url":"https:\/\/secure.gravatar.com\/avatar\/442251953f111b43a4668103c7b7c09aa35690e525473fb0bb9db0681ee9c0c3?s=96&d=mm&r=g","contentUrl":"https:\/\/secure.gravatar.com\/avatar\/442251953f111b43a4668103c7b7c09aa35690e525473fb0bb9db0681ee9c0c3?s=96&d=mm&r=g","caption":"Medianeeds"},"url":"https:\/\/medianeeds.es\/es\/author\/medianeeds\/"}]}},"_links":{"self":[{"href":"https:\/\/medianeeds.es\/es\/wp-json\/wp\/v2\/posts\/14191","targetHints":{"allow":["GET"]}}],"collection":[{"href":"https:\/\/medianeeds.es\/es\/wp-json\/wp\/v2\/posts"}],"about":[{"href":"https:\/\/medianeeds.es\/es\/wp-json\/wp\/v2\/types\/post"}],"author":[{"embeddable":true,"href":"https:\/\/medianeeds.es\/es\/wp-json\/wp\/v2\/users\/1"}],"replies":[{"embeddable":true,"href":"https:\/\/medianeeds.es\/es\/wp-json\/wp\/v2\/comments?post=14191"}],"version-history":[{"count":4,"href":"https:\/\/medianeeds.es\/es\/wp-json\/wp\/v2\/posts\/14191\/revisions"}],"predecessor-version":[{"id":14195,"href":"https:\/\/medianeeds.es\/es\/wp-json\/wp\/v2\/posts\/14191\/revisions\/14195"}],"wp:featuredmedia":[{"embeddable":true,"href":"https:\/\/medianeeds.es\/es\/wp-json\/wp\/v2\/media\/14185"}],"wp:attachment":[{"href":"https:\/\/medianeeds.es\/es\/wp-json\/wp\/v2\/media?parent=14191"}],"wp:term":[{"taxonomy":"category","embeddable":true,"href":"https:\/\/medianeeds.es\/es\/wp-json\/wp\/v2\/categories?post=14191"},{"taxonomy":"post_tag","embeddable":true,"href":"https:\/\/medianeeds.es\/es\/wp-json\/wp\/v2\/tags?post=14191"}],"curies":[{"name":"wp","href":"https:\/\/api.w.org\/{rel}","templated":true}]}}