{"id":14177,"date":"2019-07-15T11:27:46","date_gmt":"2019-07-15T11:27:46","guid":{"rendered":"https:\/\/medianeeds.es\/?p=14177"},"modified":"2019-07-15T11:27:46","modified_gmt":"2019-07-15T11:27:46","slug":"como-crear-una-experiencia-de-usuario-positiva","status":"publish","type":"post","link":"https:\/\/medianeeds.es\/es\/como-crear-una-experiencia-de-usuario-positiva\/","title":{"rendered":"\u00bfC\u00f3mo crear una experiencia de usuario positiva?"},"content":{"rendered":"<div class=\"textarea\">\n<div>Es muy importante cuidar la experiencia de usuario, esta se ha convertido en la palabra clave por lo que respeta a la estrategia de marketing.<\/p>\n<p>La experiencia del cliente es f\u00e1cil de entender, la idea es ofrecerle un producto o servicio que este a la altura de sus expectativas. Todo y eso, pasar a la acci\u00f3n es m\u00e1s complicado, ya que es uno de los conceptos m\u00e1s dif\u00edciles de aplicar. Por tanto, las marcas y las empresas no pueden quedarse solo con entender el concepto,\u00a0 tienen que aplicarlo y conocer los elementos claves vinculados a esta experiencia positiva, creando una estrategia solida.<\/p>\n<p><strong><span class=\"googie_link\">\u00b7Primero<\/span><\/strong>, tenemos que tener claro qui\u00e9n es el cliente al que queremos llegar. La experiencia tiene que estar dise\u00f1ada siempre desde el punto de vista del cliente y no de la marca. Tenemos que cuidar a todos los clientes, no solo a los potenciales.<\/p>\n<p><span class=\"googie_link\"><strong>\u00b7Segundo<\/strong><\/span>, esta sensaci\u00f3n del cliente se tiene que dar desde el primer contacto hasta el \u00faltimo: antes, durante la compra y despu\u00e9s de adquirir el producto o servicio.<\/p>\n<p><strong><span class=\"googie_link\">\u00b7Por<\/span>\u00a0\u00faltimo<\/strong>, tenemos que estar muy atentos a que necesita el cliente en cada momento, que espera de cada interacci\u00f3n y del servicio en conjunto.<\/p>\n<p><strong><span class=\"googie_link\">\u00bfPueden<\/span>\u00a0ayudarnos las redes sociales a crear esta\u00a0<span class=\"googie_link\">experiencia?<\/span><\/strong><\/p>\n<p>Actualmente, las redes sociales son una forma de conexi\u00f3n muy importante con el cliente,\u00a0<span class=\"googie_link\">son<\/span> la imagen previa y tambi\u00e9n una forma de interacci\u00f3n, por este motivo es importante responder a los mensajes con inmediatez, efectividad y dando el mensaje <span class=\"googie_link\">adecuado<\/span>.<\/p>\n<p><strong>\u00bfQu\u00e9 puede hacer Media <span class=\"googie_link\">Needs<\/span>\u00a0para\u00a0<span class=\"googie_link\">ayudarte?<\/span>\u00a0<\/strong><\/p>\n<p>En Media\u00a0<span class=\"googie_link\">Needs<\/span>\u00a0te ayudamos a comunicarte con tus clientes con efectividad a\u00a0<span class=\"googie_link\">trav\u00e9s<\/span>\u00a0de un\u00a0<span class=\"googie_link\">an\u00e1lisis<\/span> de tu empresa, la creaci\u00f3n de una estrategia comunicativa a medida y una ejecuci\u00f3n impecable. A trav\u00e9s del social media te ayudamos a tener presencia y una relaci\u00f3n constante con tus clientes en las redes sociales. Tambi\u00e9n creamos tu web corporativa para que puedan encontrar toda la informaci\u00f3n que necesitan sobre tu empresa y servicios.<\/p>\n<p>Creemos en tu proyecto y te ayudaremos a hacerlo crecer!<\/p><\/div>\n<\/div>\n","protected":false},"excerpt":{"rendered":"<p>Es muy importante cuidar la experiencia de usuario, esta se ha convertido en la palabra clave por lo que respeta a la estrategia de marketing. La experiencia del cliente es f\u00e1cil de entender, la idea es ofrecerle un producto o servicio que este a la altura de sus expectativas. Todo y eso, pasar a la [&hellip;]<\/p>\n","protected":false},"author":1,"featured_media":14172,"comment_status":"closed","ping_status":"closed","sticky":false,"template":"","format":"standard","meta":{"_et_pb_use_builder":"","_et_pb_old_content":"","_et_gb_content_width":"","footnotes":""},"categories":[249,252,23],"tags":[],"class_list":["post-14177","post","type-post","status-publish","format-standard","has-post-thumbnail","hentry","category-destacados","category-noticias","category-noticies-es"],"yoast_head":"<!-- This site is optimized with the Yoast SEO plugin v27.4 - https:\/\/yoast.com\/product\/yoast-seo-wordpress\/ -->\n<title>\u00bfC\u00f3mo crear una experiencia de usuario positiva? - M\u00e0rketing Reus | Media Needs Reus | Ag\u00e8ncia de publicitat Reus<\/title>\n<meta name=\"robots\" content=\"index, follow, max-snippet:-1, max-image-preview:large, max-video-preview:-1\" \/>\n<link rel=\"canonical\" href=\"https:\/\/medianeeds.es\/es\/como-crear-una-experiencia-de-usuario-positiva\/\" \/>\n<meta property=\"og:locale\" content=\"es_ES\" \/>\n<meta property=\"og:type\" content=\"article\" \/>\n<meta property=\"og:title\" content=\"\u00bfC\u00f3mo crear una experiencia de usuario positiva? - M\u00e0rketing Reus | Media Needs Reus | Ag\u00e8ncia de publicitat Reus\" \/>\n<meta property=\"og:description\" content=\"Es muy importante cuidar la experiencia de usuario, esta se ha convertido en la palabra clave por lo que respeta a la estrategia de marketing. La experiencia del cliente es f\u00e1cil de entender, la idea es ofrecerle un producto o servicio que este a la altura de sus expectativas. Todo y eso, pasar a la [&hellip;]\" \/>\n<meta property=\"og:url\" content=\"https:\/\/medianeeds.es\/es\/como-crear-una-experiencia-de-usuario-positiva\/\" \/>\n<meta property=\"og:site_name\" content=\"M\u00e0rketing Reus | Media Needs Reus | Ag\u00e8ncia de publicitat Reus\" \/>\n<meta property=\"article:publisher\" content=\"https:\/\/www.facebook.com\/medianeeds.es\/\" \/>\n<meta property=\"article:published_time\" content=\"2019-07-15T11:27:46+00:00\" \/>\n<meta property=\"og:image\" content=\"https:\/\/medianeeds.es\/wp-content\/uploads\/2019\/07\/blog-1024x683.jpg\" \/>\n\t<meta property=\"og:image:width\" content=\"1024\" \/>\n\t<meta property=\"og:image:height\" content=\"683\" \/>\n\t<meta property=\"og:image:type\" content=\"image\/jpeg\" \/>\n<meta name=\"author\" content=\"Medianeeds\" \/>\n<meta name=\"twitter:label1\" content=\"Escrito por\" \/>\n\t<meta name=\"twitter:data1\" content=\"Medianeeds\" \/>\n\t<meta name=\"twitter:label2\" content=\"Tiempo de lectura\" \/>\n\t<meta name=\"twitter:data2\" content=\"2 minutos\" \/>\n<script type=\"application\/ld+json\" class=\"yoast-schema-graph\">{\"@context\":\"https:\\\/\\\/schema.org\",\"@graph\":[{\"@type\":\"Article\",\"@id\":\"https:\\\/\\\/medianeeds.es\\\/es\\\/como-crear-una-experiencia-de-usuario-positiva\\\/#article\",\"isPartOf\":{\"@id\":\"https:\\\/\\\/medianeeds.es\\\/es\\\/como-crear-una-experiencia-de-usuario-positiva\\\/\"},\"author\":{\"name\":\"Medianeeds\",\"@id\":\"https:\\\/\\\/medianeeds.es\\\/#\\\/schema\\\/person\\\/6a6f2f17f283df3eeb0946feebd2af79\"},\"headline\":\"\u00bfC\u00f3mo crear una experiencia de usuario positiva?\",\"datePublished\":\"2019-07-15T11:27:46+00:00\",\"mainEntityOfPage\":{\"@id\":\"https:\\\/\\\/medianeeds.es\\\/es\\\/como-crear-una-experiencia-de-usuario-positiva\\\/\"},\"wordCount\":367,\"publisher\":{\"@id\":\"https:\\\/\\\/medianeeds.es\\\/#organization\"},\"image\":{\"@id\":\"https:\\\/\\\/medianeeds.es\\\/es\\\/como-crear-una-experiencia-de-usuario-positiva\\\/#primaryimage\"},\"thumbnailUrl\":\"https:\\\/\\\/medianeeds.es\\\/wp-content\\\/uploads\\\/2019\\\/07\\\/blog.jpg\",\"articleSection\":[\"Destacados\",\"Noticias\",\"Not\u00edcies\"],\"inLanguage\":\"es\"},{\"@type\":\"WebPage\",\"@id\":\"https:\\\/\\\/medianeeds.es\\\/es\\\/como-crear-una-experiencia-de-usuario-positiva\\\/\",\"url\":\"https:\\\/\\\/medianeeds.es\\\/es\\\/como-crear-una-experiencia-de-usuario-positiva\\\/\",\"name\":\"\u00bfC\u00f3mo crear una experiencia de usuario positiva? - M\u00e0rketing Reus | Media Needs Reus | Ag\u00e8ncia de publicitat Reus\",\"isPartOf\":{\"@id\":\"https:\\\/\\\/medianeeds.es\\\/#website\"},\"primaryImageOfPage\":{\"@id\":\"https:\\\/\\\/medianeeds.es\\\/es\\\/como-crear-una-experiencia-de-usuario-positiva\\\/#primaryimage\"},\"image\":{\"@id\":\"https:\\\/\\\/medianeeds.es\\\/es\\\/como-crear-una-experiencia-de-usuario-positiva\\\/#primaryimage\"},\"thumbnailUrl\":\"https:\\\/\\\/medianeeds.es\\\/wp-content\\\/uploads\\\/2019\\\/07\\\/blog.jpg\",\"datePublished\":\"2019-07-15T11:27:46+00:00\",\"breadcrumb\":{\"@id\":\"https:\\\/\\\/medianeeds.es\\\/es\\\/como-crear-una-experiencia-de-usuario-positiva\\\/#breadcrumb\"},\"inLanguage\":\"es\",\"potentialAction\":[{\"@type\":\"ReadAction\",\"target\":[\"https:\\\/\\\/medianeeds.es\\\/es\\\/como-crear-una-experiencia-de-usuario-positiva\\\/\"]}]},{\"@type\":\"ImageObject\",\"inLanguage\":\"es\",\"@id\":\"https:\\\/\\\/medianeeds.es\\\/es\\\/como-crear-una-experiencia-de-usuario-positiva\\\/#primaryimage\",\"url\":\"https:\\\/\\\/medianeeds.es\\\/wp-content\\\/uploads\\\/2019\\\/07\\\/blog.jpg\",\"contentUrl\":\"https:\\\/\\\/medianeeds.es\\\/wp-content\\\/uploads\\\/2019\\\/07\\\/blog.jpg\",\"width\":5383,\"height\":3588},{\"@type\":\"BreadcrumbList\",\"@id\":\"https:\\\/\\\/medianeeds.es\\\/es\\\/como-crear-una-experiencia-de-usuario-positiva\\\/#breadcrumb\",\"itemListElement\":[{\"@type\":\"ListItem\",\"position\":1,\"name\":\"Portada\",\"item\":\"https:\\\/\\\/medianeeds.es\\\/\"},{\"@type\":\"ListItem\",\"position\":2,\"name\":\"\u00bfC\u00f3mo crear una experiencia de usuario positiva?\"}]},{\"@type\":\"WebSite\",\"@id\":\"https:\\\/\\\/medianeeds.es\\\/#website\",\"url\":\"https:\\\/\\\/medianeeds.es\\\/\",\"name\":\"M\u00e0rketing Reus | Media Needs Reus | Ag\u00e8ncia de publicitat Reus\",\"description\":\"MediaNeeds \u00e9s una empresa especialitzada en serveis integrals de publicitat, m\u00e0rqueting on-line i community manager a Reus, Tarragona\",\"publisher\":{\"@id\":\"https:\\\/\\\/medianeeds.es\\\/#organization\"},\"alternateName\":\"Media Needs\",\"potentialAction\":[{\"@type\":\"SearchAction\",\"target\":{\"@type\":\"EntryPoint\",\"urlTemplate\":\"https:\\\/\\\/medianeeds.es\\\/?s={search_term_string}\"},\"query-input\":{\"@type\":\"PropertyValueSpecification\",\"valueRequired\":true,\"valueName\":\"search_term_string\"}}],\"inLanguage\":\"es\"},{\"@type\":\"Organization\",\"@id\":\"https:\\\/\\\/medianeeds.es\\\/#organization\",\"name\":\"M\u00e0rketing Reus | Media Needs Reus | Ag\u00e8ncia de publicitat Reus\",\"alternateName\":\"Media Needs\",\"url\":\"https:\\\/\\\/medianeeds.es\\\/\",\"logo\":{\"@type\":\"ImageObject\",\"inLanguage\":\"es\",\"@id\":\"https:\\\/\\\/medianeeds.es\\\/#\\\/schema\\\/logo\\\/image\\\/\",\"url\":\"https:\\\/\\\/medianeeds.es\\\/wp-content\\\/uploads\\\/2024\\\/06\\\/COLOR_Mesa-de-trabajo-1-copia.png\",\"contentUrl\":\"https:\\\/\\\/medianeeds.es\\\/wp-content\\\/uploads\\\/2024\\\/06\\\/COLOR_Mesa-de-trabajo-1-copia.png\",\"width\":470,\"height\":226,\"caption\":\"M\u00e0rketing Reus | Media Needs Reus | Ag\u00e8ncia de publicitat Reus\"},\"image\":{\"@id\":\"https:\\\/\\\/medianeeds.es\\\/#\\\/schema\\\/logo\\\/image\\\/\"},\"sameAs\":[\"https:\\\/\\\/www.facebook.com\\\/medianeeds.es\\\/\",\"https:\\\/\\\/x.com\\\/media_needs\",\"https:\\\/\\\/www.instagram.com\\\/medianeeds\\\/?hl=es\"]},{\"@type\":\"Person\",\"@id\":\"https:\\\/\\\/medianeeds.es\\\/#\\\/schema\\\/person\\\/6a6f2f17f283df3eeb0946feebd2af79\",\"name\":\"Medianeeds\",\"image\":{\"@type\":\"ImageObject\",\"inLanguage\":\"es\",\"@id\":\"https:\\\/\\\/secure.gravatar.com\\\/avatar\\\/442251953f111b43a4668103c7b7c09aa35690e525473fb0bb9db0681ee9c0c3?s=96&d=mm&r=g\",\"url\":\"https:\\\/\\\/secure.gravatar.com\\\/avatar\\\/442251953f111b43a4668103c7b7c09aa35690e525473fb0bb9db0681ee9c0c3?s=96&d=mm&r=g\",\"contentUrl\":\"https:\\\/\\\/secure.gravatar.com\\\/avatar\\\/442251953f111b43a4668103c7b7c09aa35690e525473fb0bb9db0681ee9c0c3?s=96&d=mm&r=g\",\"caption\":\"Medianeeds\"},\"url\":\"https:\\\/\\\/medianeeds.es\\\/es\\\/author\\\/medianeeds\\\/\"}]}<\/script>\n<!-- \/ Yoast SEO plugin. -->","yoast_head_json":{"title":"\u00bfC\u00f3mo crear una experiencia de usuario positiva? - M\u00e0rketing Reus | Media Needs Reus | Ag\u00e8ncia de publicitat Reus","robots":{"index":"index","follow":"follow","max-snippet":"max-snippet:-1","max-image-preview":"max-image-preview:large","max-video-preview":"max-video-preview:-1"},"canonical":"https:\/\/medianeeds.es\/es\/como-crear-una-experiencia-de-usuario-positiva\/","og_locale":"es_ES","og_type":"article","og_title":"\u00bfC\u00f3mo crear una experiencia de usuario positiva? - M\u00e0rketing Reus | Media Needs Reus | Ag\u00e8ncia de publicitat Reus","og_description":"Es muy importante cuidar la experiencia de usuario, esta se ha convertido en la palabra clave por lo que respeta a la estrategia de marketing. La experiencia del cliente es f\u00e1cil de entender, la idea es ofrecerle un producto o servicio que este a la altura de sus expectativas. Todo y eso, pasar a la [&hellip;]","og_url":"https:\/\/medianeeds.es\/es\/como-crear-una-experiencia-de-usuario-positiva\/","og_site_name":"M\u00e0rketing Reus | Media Needs Reus | Ag\u00e8ncia de publicitat Reus","article_publisher":"https:\/\/www.facebook.com\/medianeeds.es\/","article_published_time":"2019-07-15T11:27:46+00:00","og_image":[{"width":1024,"height":683,"url":"https:\/\/medianeeds.es\/wp-content\/uploads\/2019\/07\/blog-1024x683.jpg","type":"image\/jpeg"}],"author":"Medianeeds","twitter_misc":{"Escrito por":"Medianeeds","Tiempo de lectura":"2 minutos"},"schema":{"@context":"https:\/\/schema.org","@graph":[{"@type":"Article","@id":"https:\/\/medianeeds.es\/es\/como-crear-una-experiencia-de-usuario-positiva\/#article","isPartOf":{"@id":"https:\/\/medianeeds.es\/es\/como-crear-una-experiencia-de-usuario-positiva\/"},"author":{"name":"Medianeeds","@id":"https:\/\/medianeeds.es\/#\/schema\/person\/6a6f2f17f283df3eeb0946feebd2af79"},"headline":"\u00bfC\u00f3mo crear una experiencia de usuario positiva?","datePublished":"2019-07-15T11:27:46+00:00","mainEntityOfPage":{"@id":"https:\/\/medianeeds.es\/es\/como-crear-una-experiencia-de-usuario-positiva\/"},"wordCount":367,"publisher":{"@id":"https:\/\/medianeeds.es\/#organization"},"image":{"@id":"https:\/\/medianeeds.es\/es\/como-crear-una-experiencia-de-usuario-positiva\/#primaryimage"},"thumbnailUrl":"https:\/\/medianeeds.es\/wp-content\/uploads\/2019\/07\/blog.jpg","articleSection":["Destacados","Noticias","Not\u00edcies"],"inLanguage":"es"},{"@type":"WebPage","@id":"https:\/\/medianeeds.es\/es\/como-crear-una-experiencia-de-usuario-positiva\/","url":"https:\/\/medianeeds.es\/es\/como-crear-una-experiencia-de-usuario-positiva\/","name":"\u00bfC\u00f3mo crear una experiencia de usuario positiva? - M\u00e0rketing Reus | Media Needs Reus | Ag\u00e8ncia de publicitat Reus","isPartOf":{"@id":"https:\/\/medianeeds.es\/#website"},"primaryImageOfPage":{"@id":"https:\/\/medianeeds.es\/es\/como-crear-una-experiencia-de-usuario-positiva\/#primaryimage"},"image":{"@id":"https:\/\/medianeeds.es\/es\/como-crear-una-experiencia-de-usuario-positiva\/#primaryimage"},"thumbnailUrl":"https:\/\/medianeeds.es\/wp-content\/uploads\/2019\/07\/blog.jpg","datePublished":"2019-07-15T11:27:46+00:00","breadcrumb":{"@id":"https:\/\/medianeeds.es\/es\/como-crear-una-experiencia-de-usuario-positiva\/#breadcrumb"},"inLanguage":"es","potentialAction":[{"@type":"ReadAction","target":["https:\/\/medianeeds.es\/es\/como-crear-una-experiencia-de-usuario-positiva\/"]}]},{"@type":"ImageObject","inLanguage":"es","@id":"https:\/\/medianeeds.es\/es\/como-crear-una-experiencia-de-usuario-positiva\/#primaryimage","url":"https:\/\/medianeeds.es\/wp-content\/uploads\/2019\/07\/blog.jpg","contentUrl":"https:\/\/medianeeds.es\/wp-content\/uploads\/2019\/07\/blog.jpg","width":5383,"height":3588},{"@type":"BreadcrumbList","@id":"https:\/\/medianeeds.es\/es\/como-crear-una-experiencia-de-usuario-positiva\/#breadcrumb","itemListElement":[{"@type":"ListItem","position":1,"name":"Portada","item":"https:\/\/medianeeds.es\/"},{"@type":"ListItem","position":2,"name":"\u00bfC\u00f3mo crear una experiencia de usuario positiva?"}]},{"@type":"WebSite","@id":"https:\/\/medianeeds.es\/#website","url":"https:\/\/medianeeds.es\/","name":"M\u00e0rketing Reus | Media Needs Reus | Ag\u00e8ncia de publicitat Reus","description":"MediaNeeds \u00e9s una empresa especialitzada en serveis integrals de publicitat, m\u00e0rqueting on-line i community manager a Reus, Tarragona","publisher":{"@id":"https:\/\/medianeeds.es\/#organization"},"alternateName":"Media Needs","potentialAction":[{"@type":"SearchAction","target":{"@type":"EntryPoint","urlTemplate":"https:\/\/medianeeds.es\/?s={search_term_string}"},"query-input":{"@type":"PropertyValueSpecification","valueRequired":true,"valueName":"search_term_string"}}],"inLanguage":"es"},{"@type":"Organization","@id":"https:\/\/medianeeds.es\/#organization","name":"M\u00e0rketing Reus | Media Needs Reus | Ag\u00e8ncia de publicitat Reus","alternateName":"Media Needs","url":"https:\/\/medianeeds.es\/","logo":{"@type":"ImageObject","inLanguage":"es","@id":"https:\/\/medianeeds.es\/#\/schema\/logo\/image\/","url":"https:\/\/medianeeds.es\/wp-content\/uploads\/2024\/06\/COLOR_Mesa-de-trabajo-1-copia.png","contentUrl":"https:\/\/medianeeds.es\/wp-content\/uploads\/2024\/06\/COLOR_Mesa-de-trabajo-1-copia.png","width":470,"height":226,"caption":"M\u00e0rketing Reus | Media Needs Reus | Ag\u00e8ncia de publicitat Reus"},"image":{"@id":"https:\/\/medianeeds.es\/#\/schema\/logo\/image\/"},"sameAs":["https:\/\/www.facebook.com\/medianeeds.es\/","https:\/\/x.com\/media_needs","https:\/\/www.instagram.com\/medianeeds\/?hl=es"]},{"@type":"Person","@id":"https:\/\/medianeeds.es\/#\/schema\/person\/6a6f2f17f283df3eeb0946feebd2af79","name":"Medianeeds","image":{"@type":"ImageObject","inLanguage":"es","@id":"https:\/\/secure.gravatar.com\/avatar\/442251953f111b43a4668103c7b7c09aa35690e525473fb0bb9db0681ee9c0c3?s=96&d=mm&r=g","url":"https:\/\/secure.gravatar.com\/avatar\/442251953f111b43a4668103c7b7c09aa35690e525473fb0bb9db0681ee9c0c3?s=96&d=mm&r=g","contentUrl":"https:\/\/secure.gravatar.com\/avatar\/442251953f111b43a4668103c7b7c09aa35690e525473fb0bb9db0681ee9c0c3?s=96&d=mm&r=g","caption":"Medianeeds"},"url":"https:\/\/medianeeds.es\/es\/author\/medianeeds\/"}]}},"_links":{"self":[{"href":"https:\/\/medianeeds.es\/es\/wp-json\/wp\/v2\/posts\/14177","targetHints":{"allow":["GET"]}}],"collection":[{"href":"https:\/\/medianeeds.es\/es\/wp-json\/wp\/v2\/posts"}],"about":[{"href":"https:\/\/medianeeds.es\/es\/wp-json\/wp\/v2\/types\/post"}],"author":[{"embeddable":true,"href":"https:\/\/medianeeds.es\/es\/wp-json\/wp\/v2\/users\/1"}],"replies":[{"embeddable":true,"href":"https:\/\/medianeeds.es\/es\/wp-json\/wp\/v2\/comments?post=14177"}],"version-history":[{"count":1,"href":"https:\/\/medianeeds.es\/es\/wp-json\/wp\/v2\/posts\/14177\/revisions"}],"predecessor-version":[{"id":14178,"href":"https:\/\/medianeeds.es\/es\/wp-json\/wp\/v2\/posts\/14177\/revisions\/14178"}],"wp:featuredmedia":[{"embeddable":true,"href":"https:\/\/medianeeds.es\/es\/wp-json\/wp\/v2\/media\/14172"}],"wp:attachment":[{"href":"https:\/\/medianeeds.es\/es\/wp-json\/wp\/v2\/media?parent=14177"}],"wp:term":[{"taxonomy":"category","embeddable":true,"href":"https:\/\/medianeeds.es\/es\/wp-json\/wp\/v2\/categories?post=14177"},{"taxonomy":"post_tag","embeddable":true,"href":"https:\/\/medianeeds.es\/es\/wp-json\/wp\/v2\/tags?post=14177"}],"curies":[{"name":"wp","href":"https:\/\/api.w.org\/{rel}","templated":true}]}}