{"id":13616,"date":"2019-01-04T10:50:11","date_gmt":"2019-01-04T10:50:11","guid":{"rendered":"https:\/\/medianeeds.es\/?p=13616"},"modified":"2018-12-03T11:25:39","modified_gmt":"2018-12-03T11:25:39","slug":"amazon-echo-google-home-o-apple-homepod","status":"publish","type":"post","link":"https:\/\/medianeeds.es\/es\/amazon-echo-google-home-o-apple-homepod\/","title":{"rendered":"\u00bfAmazon Echo, Google Home o Apple HomePod?"},"content":{"rendered":"<p>Los <strong>altavoces inteligentes<\/strong> son el nuevo juguete del mercado tecnol\u00f3gico. Ahora que se cerca Navidad, estos aparatos son una buena opci\u00f3n para regalar. De todas formes, a\u00fan son desconocidos para muchos. Por eso hoy te ayudamos a escoger: \u00bf<em><strong>Amazon Echo<\/strong><\/em>, <em><strong>Google Home<\/strong><\/em> o <em><strong>Apple HomePod<\/strong><\/em>?<\/p>\n<ul>\n<li><strong>Dise\u00f1o<\/strong><\/li>\n<\/ul>\n<p>De Amazon tenemos varios dise\u00f1os distintos. Son interesantes las luces LED que se encienden cuando funciona. Google Home es sensible al tacto, por lo tanto es muy sencillo regular el volumen u otros aspectos. El HomePod de Apple es muy similar al de Google, solo cambia un poco en la est\u00e9tica. Te aconsejamos que mires cual combina mejor con la decoraci\u00f3n de tu casa.<\/p>\n<ul>\n<li><strong>Sonido<\/strong><\/li>\n<\/ul>\n<p>El <strong>HomePod<\/strong> de Apple es el mejor en esta funci\u00f3n. Su capacidad de reproducci\u00f3n es innovadora. Home y Echo destacan por ser compatibles con Spotify, Pandora, etc., a diferencia de HomePod.<\/p>\n<ul>\n<li><strong>Utilidad i conectividad<\/strong><\/li>\n<\/ul>\n<p><strong>Alexa de Amazon Tech<\/strong> es la mejor opci\u00f3n en este caso. Llega a una gran variedad de dispositivos actuando eficazmente y con una configuraci\u00f3n sencilla. En ese punto, Google es m\u00e1s \u201cconversacional\u201d que funcional. Y la desventaja de Apple es su reducida lista de dispositivos compatibles.<\/p>\n<ul>\n<li><strong>Atenci\u00f3n personal<\/strong><\/li>\n<\/ul>\n<p>La asistencia proactiva del dispositivo de <strong>Google<\/strong> es la que m\u00e1s destaca. Del dispositivo de Amazon resalta la compatibilidad con todo tipo de calendarios. En el caso de HomePod de Apple, debemos valorar el que no tenga reconocimiento de voz. Esto hace que la atenci\u00f3n sea menos personalizada, pero tambi\u00e9n es positivo que todas las conversaciones se registren como an\u00f3nimas. En los otros dispositivos deberemos eliminar manualmente lo que no queramos guardar.<\/p>\n<p>Ahora ya puedes comparar los dispositivos y decidir cual se adapta mejor a tus necesidades.<\/p>\n","protected":false},"excerpt":{"rendered":"<p>Los altavoces inteligentes son el nuevo juguete del mercado tecnol\u00f3gico. Ahora que se cerca Navidad, estos aparatos son una buena opci\u00f3n para regalar. De todas formes, a\u00fan son desconocidos para muchos. Por eso hoy te ayudamos a escoger: \u00bfAmazon Echo, Google Home o Apple HomePod? Dise\u00f1o De Amazon tenemos varios dise\u00f1os distintos. Son interesantes las [&hellip;]<\/p>\n","protected":false},"author":1,"featured_media":13609,"comment_status":"closed","ping_status":"closed","sticky":false,"template":"","format":"standard","meta":{"_et_pb_use_builder":"","_et_pb_old_content":"","_et_gb_content_width":"","footnotes":""},"categories":[188,249,280,189,252,23],"tags":[287,285,286,83],"class_list":["post-13616","post","type-post","status-publish","format-standard","has-post-thumbnail","hentry","category-blog-es-4","category-destacados","category-marketing","category-marqueting-es-2","category-noticias","category-noticies-es","tag-altavoz-inteligente","tag-amazon","tag-apple","tag-google"],"yoast_head":"<!-- This site is optimized with the Yoast SEO plugin v27.4 - https:\/\/yoast.com\/product\/yoast-seo-wordpress\/ -->\n<title>\u00bfAmazon Echo, Google Home o Apple HomePod? - M\u00e0rketing Reus | Media Needs Reus | Ag\u00e8ncia de publicitat Reus<\/title>\n<meta name=\"robots\" content=\"index, follow, max-snippet:-1, max-image-preview:large, max-video-preview:-1\" \/>\n<link rel=\"canonical\" href=\"https:\/\/medianeeds.es\/es\/amazon-echo-google-home-o-apple-homepod\/\" \/>\n<meta property=\"og:locale\" content=\"es_ES\" \/>\n<meta property=\"og:type\" content=\"article\" \/>\n<meta property=\"og:title\" content=\"\u00bfAmazon Echo, Google Home o Apple HomePod? - M\u00e0rketing Reus | Media Needs Reus | Ag\u00e8ncia de publicitat Reus\" \/>\n<meta property=\"og:description\" content=\"Los altavoces inteligentes son el nuevo juguete del mercado tecnol\u00f3gico. Ahora que se cerca Navidad, estos aparatos son una buena opci\u00f3n para regalar. De todas formes, a\u00fan son desconocidos para muchos. Por eso hoy te ayudamos a escoger: \u00bfAmazon Echo, Google Home o Apple HomePod? Dise\u00f1o De Amazon tenemos varios dise\u00f1os distintos. Son interesantes las [&hellip;]\" \/>\n<meta property=\"og:url\" content=\"https:\/\/medianeeds.es\/es\/amazon-echo-google-home-o-apple-homepod\/\" \/>\n<meta property=\"og:site_name\" content=\"M\u00e0rketing Reus | Media Needs Reus | Ag\u00e8ncia de publicitat Reus\" \/>\n<meta property=\"article:publisher\" content=\"https:\/\/www.facebook.com\/medianeeds.es\/\" \/>\n<meta property=\"article:published_time\" content=\"2019-01-04T10:50:11+00:00\" \/>\n<meta property=\"og:image\" content=\"https:\/\/medianeeds.es\/wp-content\/uploads\/2018\/12\/altaveus.png\" \/>\n\t<meta property=\"og:image:width\" content=\"997\" \/>\n\t<meta property=\"og:image:height\" content=\"629\" \/>\n\t<meta property=\"og:image:type\" content=\"image\/png\" \/>\n<meta name=\"author\" content=\"Medianeeds\" \/>\n<meta name=\"twitter:label1\" content=\"Escrito por\" \/>\n\t<meta name=\"twitter:data1\" content=\"Medianeeds\" \/>\n\t<meta name=\"twitter:label2\" content=\"Tiempo de lectura\" \/>\n\t<meta name=\"twitter:data2\" content=\"1 minuto\" \/>\n<script type=\"application\/ld+json\" class=\"yoast-schema-graph\">{\"@context\":\"https:\\\/\\\/schema.org\",\"@graph\":[{\"@type\":\"Article\",\"@id\":\"https:\\\/\\\/medianeeds.es\\\/es\\\/amazon-echo-google-home-o-apple-homepod\\\/#article\",\"isPartOf\":{\"@id\":\"https:\\\/\\\/medianeeds.es\\\/es\\\/amazon-echo-google-home-o-apple-homepod\\\/\"},\"author\":{\"name\":\"Medianeeds\",\"@id\":\"https:\\\/\\\/medianeeds.es\\\/#\\\/schema\\\/person\\\/6a6f2f17f283df3eeb0946feebd2af79\"},\"headline\":\"\u00bfAmazon Echo, Google Home o Apple HomePod?\",\"datePublished\":\"2019-01-04T10:50:11+00:00\",\"mainEntityOfPage\":{\"@id\":\"https:\\\/\\\/medianeeds.es\\\/es\\\/amazon-echo-google-home-o-apple-homepod\\\/\"},\"wordCount\":304,\"publisher\":{\"@id\":\"https:\\\/\\\/medianeeds.es\\\/#organization\"},\"image\":{\"@id\":\"https:\\\/\\\/medianeeds.es\\\/es\\\/amazon-echo-google-home-o-apple-homepod\\\/#primaryimage\"},\"thumbnailUrl\":\"https:\\\/\\\/medianeeds.es\\\/wp-content\\\/uploads\\\/2018\\\/12\\\/altaveus.png\",\"keywords\":[\"Altavoz inteligente\",\"Amazon\",\"Apple\",\"google\"],\"articleSection\":[\"Blog\",\"Destacados\",\"M\u00e1rketing\",\"M\u00e0rqueting\",\"Noticias\",\"Not\u00edcies\"],\"inLanguage\":\"es\"},{\"@type\":\"WebPage\",\"@id\":\"https:\\\/\\\/medianeeds.es\\\/es\\\/amazon-echo-google-home-o-apple-homepod\\\/\",\"url\":\"https:\\\/\\\/medianeeds.es\\\/es\\\/amazon-echo-google-home-o-apple-homepod\\\/\",\"name\":\"\u00bfAmazon Echo, Google Home o Apple HomePod? - M\u00e0rketing Reus | Media Needs Reus | Ag\u00e8ncia de publicitat Reus\",\"isPartOf\":{\"@id\":\"https:\\\/\\\/medianeeds.es\\\/#website\"},\"primaryImageOfPage\":{\"@id\":\"https:\\\/\\\/medianeeds.es\\\/es\\\/amazon-echo-google-home-o-apple-homepod\\\/#primaryimage\"},\"image\":{\"@id\":\"https:\\\/\\\/medianeeds.es\\\/es\\\/amazon-echo-google-home-o-apple-homepod\\\/#primaryimage\"},\"thumbnailUrl\":\"https:\\\/\\\/medianeeds.es\\\/wp-content\\\/uploads\\\/2018\\\/12\\\/altaveus.png\",\"datePublished\":\"2019-01-04T10:50:11+00:00\",\"breadcrumb\":{\"@id\":\"https:\\\/\\\/medianeeds.es\\\/es\\\/amazon-echo-google-home-o-apple-homepod\\\/#breadcrumb\"},\"inLanguage\":\"es\",\"potentialAction\":[{\"@type\":\"ReadAction\",\"target\":[\"https:\\\/\\\/medianeeds.es\\\/es\\\/amazon-echo-google-home-o-apple-homepod\\\/\"]}]},{\"@type\":\"ImageObject\",\"inLanguage\":\"es\",\"@id\":\"https:\\\/\\\/medianeeds.es\\\/es\\\/amazon-echo-google-home-o-apple-homepod\\\/#primaryimage\",\"url\":\"https:\\\/\\\/medianeeds.es\\\/wp-content\\\/uploads\\\/2018\\\/12\\\/altaveus.png\",\"contentUrl\":\"https:\\\/\\\/medianeeds.es\\\/wp-content\\\/uploads\\\/2018\\\/12\\\/altaveus.png\",\"width\":997,\"height\":629},{\"@type\":\"BreadcrumbList\",\"@id\":\"https:\\\/\\\/medianeeds.es\\\/es\\\/amazon-echo-google-home-o-apple-homepod\\\/#breadcrumb\",\"itemListElement\":[{\"@type\":\"ListItem\",\"position\":1,\"name\":\"Portada\",\"item\":\"https:\\\/\\\/medianeeds.es\\\/\"},{\"@type\":\"ListItem\",\"position\":2,\"name\":\"\u00bfAmazon Echo, Google Home o Apple HomePod?\"}]},{\"@type\":\"WebSite\",\"@id\":\"https:\\\/\\\/medianeeds.es\\\/#website\",\"url\":\"https:\\\/\\\/medianeeds.es\\\/\",\"name\":\"M\u00e0rketing Reus | Media Needs Reus | Ag\u00e8ncia de publicitat Reus\",\"description\":\"MediaNeeds \u00e9s una empresa especialitzada en serveis integrals de publicitat, m\u00e0rqueting on-line i community manager a Reus, Tarragona\",\"publisher\":{\"@id\":\"https:\\\/\\\/medianeeds.es\\\/#organization\"},\"alternateName\":\"Media Needs\",\"potentialAction\":[{\"@type\":\"SearchAction\",\"target\":{\"@type\":\"EntryPoint\",\"urlTemplate\":\"https:\\\/\\\/medianeeds.es\\\/?s={search_term_string}\"},\"query-input\":{\"@type\":\"PropertyValueSpecification\",\"valueRequired\":true,\"valueName\":\"search_term_string\"}}],\"inLanguage\":\"es\"},{\"@type\":\"Organization\",\"@id\":\"https:\\\/\\\/medianeeds.es\\\/#organization\",\"name\":\"M\u00e0rketing Reus | Media Needs Reus | Ag\u00e8ncia de publicitat Reus\",\"alternateName\":\"Media Needs\",\"url\":\"https:\\\/\\\/medianeeds.es\\\/\",\"logo\":{\"@type\":\"ImageObject\",\"inLanguage\":\"es\",\"@id\":\"https:\\\/\\\/medianeeds.es\\\/#\\\/schema\\\/logo\\\/image\\\/\",\"url\":\"https:\\\/\\\/medianeeds.es\\\/wp-content\\\/uploads\\\/2024\\\/06\\\/COLOR_Mesa-de-trabajo-1-copia.png\",\"contentUrl\":\"https:\\\/\\\/medianeeds.es\\\/wp-content\\\/uploads\\\/2024\\\/06\\\/COLOR_Mesa-de-trabajo-1-copia.png\",\"width\":470,\"height\":226,\"caption\":\"M\u00e0rketing Reus | Media Needs Reus | Ag\u00e8ncia de publicitat Reus\"},\"image\":{\"@id\":\"https:\\\/\\\/medianeeds.es\\\/#\\\/schema\\\/logo\\\/image\\\/\"},\"sameAs\":[\"https:\\\/\\\/www.facebook.com\\\/medianeeds.es\\\/\",\"https:\\\/\\\/x.com\\\/media_needs\",\"https:\\\/\\\/www.instagram.com\\\/medianeeds\\\/?hl=es\"]},{\"@type\":\"Person\",\"@id\":\"https:\\\/\\\/medianeeds.es\\\/#\\\/schema\\\/person\\\/6a6f2f17f283df3eeb0946feebd2af79\",\"name\":\"Medianeeds\",\"image\":{\"@type\":\"ImageObject\",\"inLanguage\":\"es\",\"@id\":\"https:\\\/\\\/secure.gravatar.com\\\/avatar\\\/442251953f111b43a4668103c7b7c09aa35690e525473fb0bb9db0681ee9c0c3?s=96&d=mm&r=g\",\"url\":\"https:\\\/\\\/secure.gravatar.com\\\/avatar\\\/442251953f111b43a4668103c7b7c09aa35690e525473fb0bb9db0681ee9c0c3?s=96&d=mm&r=g\",\"contentUrl\":\"https:\\\/\\\/secure.gravatar.com\\\/avatar\\\/442251953f111b43a4668103c7b7c09aa35690e525473fb0bb9db0681ee9c0c3?s=96&d=mm&r=g\",\"caption\":\"Medianeeds\"},\"url\":\"https:\\\/\\\/medianeeds.es\\\/es\\\/author\\\/medianeeds\\\/\"}]}<\/script>\n<!-- \/ Yoast SEO plugin. -->","yoast_head_json":{"title":"\u00bfAmazon Echo, Google Home o Apple HomePod? - M\u00e0rketing Reus | Media Needs Reus | Ag\u00e8ncia de publicitat Reus","robots":{"index":"index","follow":"follow","max-snippet":"max-snippet:-1","max-image-preview":"max-image-preview:large","max-video-preview":"max-video-preview:-1"},"canonical":"https:\/\/medianeeds.es\/es\/amazon-echo-google-home-o-apple-homepod\/","og_locale":"es_ES","og_type":"article","og_title":"\u00bfAmazon Echo, Google Home o Apple HomePod? - M\u00e0rketing Reus | Media Needs Reus | Ag\u00e8ncia de publicitat Reus","og_description":"Los altavoces inteligentes son el nuevo juguete del mercado tecnol\u00f3gico. Ahora que se cerca Navidad, estos aparatos son una buena opci\u00f3n para regalar. De todas formes, a\u00fan son desconocidos para muchos. Por eso hoy te ayudamos a escoger: \u00bfAmazon Echo, Google Home o Apple HomePod? Dise\u00f1o De Amazon tenemos varios dise\u00f1os distintos. Son interesantes las [&hellip;]","og_url":"https:\/\/medianeeds.es\/es\/amazon-echo-google-home-o-apple-homepod\/","og_site_name":"M\u00e0rketing Reus | Media Needs Reus | Ag\u00e8ncia de publicitat Reus","article_publisher":"https:\/\/www.facebook.com\/medianeeds.es\/","article_published_time":"2019-01-04T10:50:11+00:00","og_image":[{"width":997,"height":629,"url":"https:\/\/medianeeds.es\/wp-content\/uploads\/2018\/12\/altaveus.png","type":"image\/png"}],"author":"Medianeeds","twitter_misc":{"Escrito por":"Medianeeds","Tiempo de lectura":"1 minuto"},"schema":{"@context":"https:\/\/schema.org","@graph":[{"@type":"Article","@id":"https:\/\/medianeeds.es\/es\/amazon-echo-google-home-o-apple-homepod\/#article","isPartOf":{"@id":"https:\/\/medianeeds.es\/es\/amazon-echo-google-home-o-apple-homepod\/"},"author":{"name":"Medianeeds","@id":"https:\/\/medianeeds.es\/#\/schema\/person\/6a6f2f17f283df3eeb0946feebd2af79"},"headline":"\u00bfAmazon Echo, Google Home o Apple HomePod?","datePublished":"2019-01-04T10:50:11+00:00","mainEntityOfPage":{"@id":"https:\/\/medianeeds.es\/es\/amazon-echo-google-home-o-apple-homepod\/"},"wordCount":304,"publisher":{"@id":"https:\/\/medianeeds.es\/#organization"},"image":{"@id":"https:\/\/medianeeds.es\/es\/amazon-echo-google-home-o-apple-homepod\/#primaryimage"},"thumbnailUrl":"https:\/\/medianeeds.es\/wp-content\/uploads\/2018\/12\/altaveus.png","keywords":["Altavoz inteligente","Amazon","Apple","google"],"articleSection":["Blog","Destacados","M\u00e1rketing","M\u00e0rqueting","Noticias","Not\u00edcies"],"inLanguage":"es"},{"@type":"WebPage","@id":"https:\/\/medianeeds.es\/es\/amazon-echo-google-home-o-apple-homepod\/","url":"https:\/\/medianeeds.es\/es\/amazon-echo-google-home-o-apple-homepod\/","name":"\u00bfAmazon Echo, Google Home o Apple HomePod? - M\u00e0rketing Reus | Media Needs Reus | Ag\u00e8ncia de publicitat Reus","isPartOf":{"@id":"https:\/\/medianeeds.es\/#website"},"primaryImageOfPage":{"@id":"https:\/\/medianeeds.es\/es\/amazon-echo-google-home-o-apple-homepod\/#primaryimage"},"image":{"@id":"https:\/\/medianeeds.es\/es\/amazon-echo-google-home-o-apple-homepod\/#primaryimage"},"thumbnailUrl":"https:\/\/medianeeds.es\/wp-content\/uploads\/2018\/12\/altaveus.png","datePublished":"2019-01-04T10:50:11+00:00","breadcrumb":{"@id":"https:\/\/medianeeds.es\/es\/amazon-echo-google-home-o-apple-homepod\/#breadcrumb"},"inLanguage":"es","potentialAction":[{"@type":"ReadAction","target":["https:\/\/medianeeds.es\/es\/amazon-echo-google-home-o-apple-homepod\/"]}]},{"@type":"ImageObject","inLanguage":"es","@id":"https:\/\/medianeeds.es\/es\/amazon-echo-google-home-o-apple-homepod\/#primaryimage","url":"https:\/\/medianeeds.es\/wp-content\/uploads\/2018\/12\/altaveus.png","contentUrl":"https:\/\/medianeeds.es\/wp-content\/uploads\/2018\/12\/altaveus.png","width":997,"height":629},{"@type":"BreadcrumbList","@id":"https:\/\/medianeeds.es\/es\/amazon-echo-google-home-o-apple-homepod\/#breadcrumb","itemListElement":[{"@type":"ListItem","position":1,"name":"Portada","item":"https:\/\/medianeeds.es\/"},{"@type":"ListItem","position":2,"name":"\u00bfAmazon Echo, Google Home o Apple HomePod?"}]},{"@type":"WebSite","@id":"https:\/\/medianeeds.es\/#website","url":"https:\/\/medianeeds.es\/","name":"M\u00e0rketing Reus | Media Needs Reus | Ag\u00e8ncia de publicitat Reus","description":"MediaNeeds \u00e9s una empresa especialitzada en serveis integrals de publicitat, m\u00e0rqueting on-line i community manager a Reus, Tarragona","publisher":{"@id":"https:\/\/medianeeds.es\/#organization"},"alternateName":"Media Needs","potentialAction":[{"@type":"SearchAction","target":{"@type":"EntryPoint","urlTemplate":"https:\/\/medianeeds.es\/?s={search_term_string}"},"query-input":{"@type":"PropertyValueSpecification","valueRequired":true,"valueName":"search_term_string"}}],"inLanguage":"es"},{"@type":"Organization","@id":"https:\/\/medianeeds.es\/#organization","name":"M\u00e0rketing Reus | Media Needs Reus | Ag\u00e8ncia de publicitat Reus","alternateName":"Media Needs","url":"https:\/\/medianeeds.es\/","logo":{"@type":"ImageObject","inLanguage":"es","@id":"https:\/\/medianeeds.es\/#\/schema\/logo\/image\/","url":"https:\/\/medianeeds.es\/wp-content\/uploads\/2024\/06\/COLOR_Mesa-de-trabajo-1-copia.png","contentUrl":"https:\/\/medianeeds.es\/wp-content\/uploads\/2024\/06\/COLOR_Mesa-de-trabajo-1-copia.png","width":470,"height":226,"caption":"M\u00e0rketing Reus | Media Needs Reus | Ag\u00e8ncia de publicitat Reus"},"image":{"@id":"https:\/\/medianeeds.es\/#\/schema\/logo\/image\/"},"sameAs":["https:\/\/www.facebook.com\/medianeeds.es\/","https:\/\/x.com\/media_needs","https:\/\/www.instagram.com\/medianeeds\/?hl=es"]},{"@type":"Person","@id":"https:\/\/medianeeds.es\/#\/schema\/person\/6a6f2f17f283df3eeb0946feebd2af79","name":"Medianeeds","image":{"@type":"ImageObject","inLanguage":"es","@id":"https:\/\/secure.gravatar.com\/avatar\/442251953f111b43a4668103c7b7c09aa35690e525473fb0bb9db0681ee9c0c3?s=96&d=mm&r=g","url":"https:\/\/secure.gravatar.com\/avatar\/442251953f111b43a4668103c7b7c09aa35690e525473fb0bb9db0681ee9c0c3?s=96&d=mm&r=g","contentUrl":"https:\/\/secure.gravatar.com\/avatar\/442251953f111b43a4668103c7b7c09aa35690e525473fb0bb9db0681ee9c0c3?s=96&d=mm&r=g","caption":"Medianeeds"},"url":"https:\/\/medianeeds.es\/es\/author\/medianeeds\/"}]}},"_links":{"self":[{"href":"https:\/\/medianeeds.es\/es\/wp-json\/wp\/v2\/posts\/13616","targetHints":{"allow":["GET"]}}],"collection":[{"href":"https:\/\/medianeeds.es\/es\/wp-json\/wp\/v2\/posts"}],"about":[{"href":"https:\/\/medianeeds.es\/es\/wp-json\/wp\/v2\/types\/post"}],"author":[{"embeddable":true,"href":"https:\/\/medianeeds.es\/es\/wp-json\/wp\/v2\/users\/1"}],"replies":[{"embeddable":true,"href":"https:\/\/medianeeds.es\/es\/wp-json\/wp\/v2\/comments?post=13616"}],"version-history":[{"count":1,"href":"https:\/\/medianeeds.es\/es\/wp-json\/wp\/v2\/posts\/13616\/revisions"}],"predecessor-version":[{"id":13617,"href":"https:\/\/medianeeds.es\/es\/wp-json\/wp\/v2\/posts\/13616\/revisions\/13617"}],"wp:featuredmedia":[{"embeddable":true,"href":"https:\/\/medianeeds.es\/es\/wp-json\/wp\/v2\/media\/13609"}],"wp:attachment":[{"href":"https:\/\/medianeeds.es\/es\/wp-json\/wp\/v2\/media?parent=13616"}],"wp:term":[{"taxonomy":"category","embeddable":true,"href":"https:\/\/medianeeds.es\/es\/wp-json\/wp\/v2\/categories?post=13616"},{"taxonomy":"post_tag","embeddable":true,"href":"https:\/\/medianeeds.es\/es\/wp-json\/wp\/v2\/tags?post=13616"}],"curies":[{"name":"wp","href":"https:\/\/api.w.org\/{rel}","templated":true}]}}