{"id":13604,"date":"2018-12-03T09:14:35","date_gmt":"2018-12-03T09:14:35","guid":{"rendered":"https:\/\/medianeeds.es\/?p=13604"},"modified":"2018-12-03T10:06:48","modified_gmt":"2018-12-03T10:06:48","slug":"el-anuncio-mas-emotivo-de-ikea","status":"publish","type":"post","link":"https:\/\/medianeeds.es\/es\/el-anuncio-mas-emotivo-de-ikea\/","title":{"rendered":"El anuncio m\u00e1s emotivo de Ikea"},"content":{"rendered":"<p>Esta Navidad, <strong>Ikea<\/strong> ha decido sentar a cinco familias para jugar a un juego, en el que solo deben responder a preguntas para seguir en la mesa.<\/p>\n<p>Las primeras preguntas son sobre las redes sociales, famosos, tendencias, etc. Todos responden correctamente. A continuaci\u00f3n, las preguntas pasan a ser personales.\u00a0 \u00bfC\u00f3mo se conocieron tus padres? \u00bfQu\u00e9 carrera estudi\u00f3 tu abuela? \u00bfQu\u00e9 sue\u00f1o le queda por cumplir a tu mujer? \u00bfCu\u00e1l es el grupo favorito de tu hijo? Son algunas de las preguntas que las familias no saben responder. Finalmente, las cinco mesas se quedan con una persona.<\/p>\n<p>Esta, es una oportunidad para reflexionar cu\u00e1nto dependemos de las <strong>redes sociales<\/strong>, y la falta de contacto y <strong>comunicaci\u00f3n directa<\/strong> con la familia. Los concursantes eliminados, pueden volver de nuevo a la mesa. Pero esta vez, todos deciden dejar el m\u00f3vil dentro de una caja.<\/p>\n<p>Ikea nos quiere decir que esta Navidad nos centremos en los que queremos, y que dejemos a un lado las redes. Por este motivo, l<strong>a empresa sueca va a eliminar toda su actividad en redes del 24 al 1 de enero<\/strong>. Una vez m\u00e1s, Ikea ha sabido marcar la diferencia con sus anuncios. En un solo d\u00eda consigui\u00f3 2,3 millones de visualizaciones. Tambi\u00e9n demuestra que no le hace falta anunciar su producto directamente, sino tratar un tema de actualidad como son las redes, pero dando paso a las emociones.<\/p>\n<p>Es evidente, que aunque no nos ense\u00f1en una nueva mesa moderna, todos vamos a recordar el spot de Ikea esta navidad. As\u00ed que, objetivo conseguido.<\/p>\n","protected":false},"excerpt":{"rendered":"<p>Esta Navidad, Ikea ha decido sentar a cinco familias para jugar a un juego, en el que solo deben responder a preguntas para seguir en la mesa. Las primeras preguntas son sobre las redes sociales, famosos, tendencias, etc. Todos responden correctamente. A continuaci\u00f3n, las preguntas pasan a ser personales.\u00a0 \u00bfC\u00f3mo se conocieron tus padres? \u00bfQu\u00e9 [&hellip;]<\/p>\n","protected":false},"author":1,"featured_media":13601,"comment_status":"closed","ping_status":"closed","sticky":false,"template":"","format":"standard","meta":{"_et_pb_use_builder":"","_et_pb_old_content":"","_et_gb_content_width":"","footnotes":""},"categories":[188,249,280,189,252,23,279,243],"tags":[63,62],"class_list":["post-13604","post","type-post","status-publish","format-standard","has-post-thumbnail","hentry","category-blog-es-4","category-destacados","category-marketing","category-marqueting-es-2","category-noticias","category-noticies-es","category-redes-sociales-3","category-xarxa-social-es-2","tag-publicidad","tag-redes-sociales"],"yoast_head":"<!-- This site is optimized with the Yoast SEO plugin v27.5 - https:\/\/yoast.com\/product\/yoast-seo-wordpress\/ -->\n<title>El anuncio m\u00e1s emotivo de Ikea - M\u00e0rketing Reus | Media Needs Reus | Ag\u00e8ncia de publicitat Reus<\/title>\n<meta name=\"robots\" content=\"index, follow, max-snippet:-1, max-image-preview:large, max-video-preview:-1\" \/>\n<link rel=\"canonical\" href=\"https:\/\/medianeeds.es\/es\/el-anuncio-mas-emotivo-de-ikea\/\" \/>\n<meta property=\"og:locale\" content=\"es_ES\" \/>\n<meta property=\"og:type\" content=\"article\" \/>\n<meta property=\"og:title\" content=\"El anuncio m\u00e1s emotivo de Ikea - M\u00e0rketing Reus | Media Needs Reus | Ag\u00e8ncia de publicitat Reus\" \/>\n<meta property=\"og:description\" content=\"Esta Navidad, Ikea ha decido sentar a cinco familias para jugar a un juego, en el que solo deben responder a preguntas para seguir en la mesa. Las primeras preguntas son sobre las redes sociales, famosos, tendencias, etc. Todos responden correctamente. A continuaci\u00f3n, las preguntas pasan a ser personales.\u00a0 \u00bfC\u00f3mo se conocieron tus padres? \u00bfQu\u00e9 [&hellip;]\" \/>\n<meta property=\"og:url\" content=\"https:\/\/medianeeds.es\/es\/el-anuncio-mas-emotivo-de-ikea\/\" \/>\n<meta property=\"og:site_name\" content=\"M\u00e0rketing Reus | Media Needs Reus | Ag\u00e8ncia de publicitat Reus\" \/>\n<meta property=\"article:publisher\" content=\"https:\/\/www.facebook.com\/medianeeds.es\/\" \/>\n<meta property=\"article:published_time\" content=\"2018-12-03T09:14:35+00:00\" \/>\n<meta property=\"article:modified_time\" content=\"2018-12-03T10:06:48+00:00\" \/>\n<meta property=\"og:image\" content=\"https:\/\/medianeeds.es\/wp-content\/uploads\/2018\/12\/ikea.png\" \/>\n\t<meta property=\"og:image:width\" content=\"997\" \/>\n\t<meta property=\"og:image:height\" content=\"629\" \/>\n\t<meta property=\"og:image:type\" content=\"image\/png\" \/>\n<meta name=\"author\" content=\"Medianeeds\" \/>\n<meta name=\"twitter:label1\" content=\"Escrito por\" \/>\n\t<meta name=\"twitter:data1\" content=\"Medianeeds\" \/>\n\t<meta name=\"twitter:label2\" content=\"Tiempo de lectura\" \/>\n\t<meta name=\"twitter:data2\" content=\"1 minuto\" \/>\n<script type=\"application\/ld+json\" class=\"yoast-schema-graph\">{\"@context\":\"https:\\\/\\\/schema.org\",\"@graph\":[{\"@type\":\"Article\",\"@id\":\"https:\\\/\\\/medianeeds.es\\\/es\\\/el-anuncio-mas-emotivo-de-ikea\\\/#article\",\"isPartOf\":{\"@id\":\"https:\\\/\\\/medianeeds.es\\\/es\\\/el-anuncio-mas-emotivo-de-ikea\\\/\"},\"author\":{\"name\":\"Medianeeds\",\"@id\":\"https:\\\/\\\/medianeeds.es\\\/#\\\/schema\\\/person\\\/6a6f2f17f283df3eeb0946feebd2af79\"},\"headline\":\"El anuncio m\u00e1s emotivo de Ikea\",\"datePublished\":\"2018-12-03T09:14:35+00:00\",\"dateModified\":\"2018-12-03T10:06:48+00:00\",\"mainEntityOfPage\":{\"@id\":\"https:\\\/\\\/medianeeds.es\\\/es\\\/el-anuncio-mas-emotivo-de-ikea\\\/\"},\"wordCount\":270,\"publisher\":{\"@id\":\"https:\\\/\\\/medianeeds.es\\\/#organization\"},\"image\":{\"@id\":\"https:\\\/\\\/medianeeds.es\\\/es\\\/el-anuncio-mas-emotivo-de-ikea\\\/#primaryimage\"},\"thumbnailUrl\":\"https:\\\/\\\/medianeeds.es\\\/wp-content\\\/uploads\\\/2018\\\/12\\\/ikea.png\",\"keywords\":[\"publicidad\",\"redes sociales\"],\"articleSection\":[\"Blog\",\"Destacados\",\"M\u00e1rketing\",\"M\u00e0rqueting\",\"Noticias\",\"Not\u00edcies\",\"Redes Sociales\",\"Xarxa Social\"],\"inLanguage\":\"es\"},{\"@type\":\"WebPage\",\"@id\":\"https:\\\/\\\/medianeeds.es\\\/es\\\/el-anuncio-mas-emotivo-de-ikea\\\/\",\"url\":\"https:\\\/\\\/medianeeds.es\\\/es\\\/el-anuncio-mas-emotivo-de-ikea\\\/\",\"name\":\"El anuncio m\u00e1s emotivo de Ikea - M\u00e0rketing Reus | Media Needs Reus | Ag\u00e8ncia de publicitat Reus\",\"isPartOf\":{\"@id\":\"https:\\\/\\\/medianeeds.es\\\/#website\"},\"primaryImageOfPage\":{\"@id\":\"https:\\\/\\\/medianeeds.es\\\/es\\\/el-anuncio-mas-emotivo-de-ikea\\\/#primaryimage\"},\"image\":{\"@id\":\"https:\\\/\\\/medianeeds.es\\\/es\\\/el-anuncio-mas-emotivo-de-ikea\\\/#primaryimage\"},\"thumbnailUrl\":\"https:\\\/\\\/medianeeds.es\\\/wp-content\\\/uploads\\\/2018\\\/12\\\/ikea.png\",\"datePublished\":\"2018-12-03T09:14:35+00:00\",\"dateModified\":\"2018-12-03T10:06:48+00:00\",\"breadcrumb\":{\"@id\":\"https:\\\/\\\/medianeeds.es\\\/es\\\/el-anuncio-mas-emotivo-de-ikea\\\/#breadcrumb\"},\"inLanguage\":\"es\",\"potentialAction\":[{\"@type\":\"ReadAction\",\"target\":[\"https:\\\/\\\/medianeeds.es\\\/es\\\/el-anuncio-mas-emotivo-de-ikea\\\/\"]}]},{\"@type\":\"ImageObject\",\"inLanguage\":\"es\",\"@id\":\"https:\\\/\\\/medianeeds.es\\\/es\\\/el-anuncio-mas-emotivo-de-ikea\\\/#primaryimage\",\"url\":\"https:\\\/\\\/medianeeds.es\\\/wp-content\\\/uploads\\\/2018\\\/12\\\/ikea.png\",\"contentUrl\":\"https:\\\/\\\/medianeeds.es\\\/wp-content\\\/uploads\\\/2018\\\/12\\\/ikea.png\",\"width\":997,\"height\":629},{\"@type\":\"BreadcrumbList\",\"@id\":\"https:\\\/\\\/medianeeds.es\\\/es\\\/el-anuncio-mas-emotivo-de-ikea\\\/#breadcrumb\",\"itemListElement\":[{\"@type\":\"ListItem\",\"position\":1,\"name\":\"Portada\",\"item\":\"https:\\\/\\\/medianeeds.es\\\/\"},{\"@type\":\"ListItem\",\"position\":2,\"name\":\"El anuncio m\u00e1s emotivo de Ikea\"}]},{\"@type\":\"WebSite\",\"@id\":\"https:\\\/\\\/medianeeds.es\\\/#website\",\"url\":\"https:\\\/\\\/medianeeds.es\\\/\",\"name\":\"M\u00e0rketing Reus | Media Needs Reus | Ag\u00e8ncia de publicitat Reus\",\"description\":\"MediaNeeds \u00e9s una empresa especialitzada en serveis integrals de publicitat, m\u00e0rqueting on-line i community manager a Reus, Tarragona\",\"publisher\":{\"@id\":\"https:\\\/\\\/medianeeds.es\\\/#organization\"},\"alternateName\":\"Media Needs\",\"potentialAction\":[{\"@type\":\"SearchAction\",\"target\":{\"@type\":\"EntryPoint\",\"urlTemplate\":\"https:\\\/\\\/medianeeds.es\\\/?s={search_term_string}\"},\"query-input\":{\"@type\":\"PropertyValueSpecification\",\"valueRequired\":true,\"valueName\":\"search_term_string\"}}],\"inLanguage\":\"es\"},{\"@type\":\"Organization\",\"@id\":\"https:\\\/\\\/medianeeds.es\\\/#organization\",\"name\":\"M\u00e0rketing Reus | Media Needs Reus | Ag\u00e8ncia de publicitat Reus\",\"alternateName\":\"Media Needs\",\"url\":\"https:\\\/\\\/medianeeds.es\\\/\",\"logo\":{\"@type\":\"ImageObject\",\"inLanguage\":\"es\",\"@id\":\"https:\\\/\\\/medianeeds.es\\\/#\\\/schema\\\/logo\\\/image\\\/\",\"url\":\"https:\\\/\\\/medianeeds.es\\\/wp-content\\\/uploads\\\/2024\\\/06\\\/COLOR_Mesa-de-trabajo-1-copia.png\",\"contentUrl\":\"https:\\\/\\\/medianeeds.es\\\/wp-content\\\/uploads\\\/2024\\\/06\\\/COLOR_Mesa-de-trabajo-1-copia.png\",\"width\":470,\"height\":226,\"caption\":\"M\u00e0rketing Reus | Media Needs Reus | Ag\u00e8ncia de publicitat Reus\"},\"image\":{\"@id\":\"https:\\\/\\\/medianeeds.es\\\/#\\\/schema\\\/logo\\\/image\\\/\"},\"sameAs\":[\"https:\\\/\\\/www.facebook.com\\\/medianeeds.es\\\/\",\"https:\\\/\\\/x.com\\\/media_needs\",\"https:\\\/\\\/www.instagram.com\\\/medianeeds\\\/?hl=es\"]},{\"@type\":\"Person\",\"@id\":\"https:\\\/\\\/medianeeds.es\\\/#\\\/schema\\\/person\\\/6a6f2f17f283df3eeb0946feebd2af79\",\"name\":\"Medianeeds\",\"image\":{\"@type\":\"ImageObject\",\"inLanguage\":\"es\",\"@id\":\"https:\\\/\\\/secure.gravatar.com\\\/avatar\\\/442251953f111b43a4668103c7b7c09aa35690e525473fb0bb9db0681ee9c0c3?s=96&d=mm&r=g\",\"url\":\"https:\\\/\\\/secure.gravatar.com\\\/avatar\\\/442251953f111b43a4668103c7b7c09aa35690e525473fb0bb9db0681ee9c0c3?s=96&d=mm&r=g\",\"contentUrl\":\"https:\\\/\\\/secure.gravatar.com\\\/avatar\\\/442251953f111b43a4668103c7b7c09aa35690e525473fb0bb9db0681ee9c0c3?s=96&d=mm&r=g\",\"caption\":\"Medianeeds\"},\"url\":\"https:\\\/\\\/medianeeds.es\\\/es\\\/author\\\/medianeeds\\\/\"}]}<\/script>\n<!-- \/ Yoast SEO plugin. -->","yoast_head_json":{"title":"El anuncio m\u00e1s emotivo de Ikea - M\u00e0rketing Reus | Media Needs Reus | Ag\u00e8ncia de publicitat Reus","robots":{"index":"index","follow":"follow","max-snippet":"max-snippet:-1","max-image-preview":"max-image-preview:large","max-video-preview":"max-video-preview:-1"},"canonical":"https:\/\/medianeeds.es\/es\/el-anuncio-mas-emotivo-de-ikea\/","og_locale":"es_ES","og_type":"article","og_title":"El anuncio m\u00e1s emotivo de Ikea - M\u00e0rketing Reus | Media Needs Reus | Ag\u00e8ncia de publicitat Reus","og_description":"Esta Navidad, Ikea ha decido sentar a cinco familias para jugar a un juego, en el que solo deben responder a preguntas para seguir en la mesa. Las primeras preguntas son sobre las redes sociales, famosos, tendencias, etc. Todos responden correctamente. A continuaci\u00f3n, las preguntas pasan a ser personales.\u00a0 \u00bfC\u00f3mo se conocieron tus padres? \u00bfQu\u00e9 [&hellip;]","og_url":"https:\/\/medianeeds.es\/es\/el-anuncio-mas-emotivo-de-ikea\/","og_site_name":"M\u00e0rketing Reus | Media Needs Reus | Ag\u00e8ncia de publicitat Reus","article_publisher":"https:\/\/www.facebook.com\/medianeeds.es\/","article_published_time":"2018-12-03T09:14:35+00:00","article_modified_time":"2018-12-03T10:06:48+00:00","og_image":[{"width":997,"height":629,"url":"https:\/\/medianeeds.es\/wp-content\/uploads\/2018\/12\/ikea.png","type":"image\/png"}],"author":"Medianeeds","twitter_misc":{"Escrito por":"Medianeeds","Tiempo de lectura":"1 minuto"},"schema":{"@context":"https:\/\/schema.org","@graph":[{"@type":"Article","@id":"https:\/\/medianeeds.es\/es\/el-anuncio-mas-emotivo-de-ikea\/#article","isPartOf":{"@id":"https:\/\/medianeeds.es\/es\/el-anuncio-mas-emotivo-de-ikea\/"},"author":{"name":"Medianeeds","@id":"https:\/\/medianeeds.es\/#\/schema\/person\/6a6f2f17f283df3eeb0946feebd2af79"},"headline":"El anuncio m\u00e1s emotivo de Ikea","datePublished":"2018-12-03T09:14:35+00:00","dateModified":"2018-12-03T10:06:48+00:00","mainEntityOfPage":{"@id":"https:\/\/medianeeds.es\/es\/el-anuncio-mas-emotivo-de-ikea\/"},"wordCount":270,"publisher":{"@id":"https:\/\/medianeeds.es\/#organization"},"image":{"@id":"https:\/\/medianeeds.es\/es\/el-anuncio-mas-emotivo-de-ikea\/#primaryimage"},"thumbnailUrl":"https:\/\/medianeeds.es\/wp-content\/uploads\/2018\/12\/ikea.png","keywords":["publicidad","redes sociales"],"articleSection":["Blog","Destacados","M\u00e1rketing","M\u00e0rqueting","Noticias","Not\u00edcies","Redes Sociales","Xarxa Social"],"inLanguage":"es"},{"@type":"WebPage","@id":"https:\/\/medianeeds.es\/es\/el-anuncio-mas-emotivo-de-ikea\/","url":"https:\/\/medianeeds.es\/es\/el-anuncio-mas-emotivo-de-ikea\/","name":"El anuncio m\u00e1s emotivo de Ikea - M\u00e0rketing Reus | Media Needs Reus | Ag\u00e8ncia de publicitat Reus","isPartOf":{"@id":"https:\/\/medianeeds.es\/#website"},"primaryImageOfPage":{"@id":"https:\/\/medianeeds.es\/es\/el-anuncio-mas-emotivo-de-ikea\/#primaryimage"},"image":{"@id":"https:\/\/medianeeds.es\/es\/el-anuncio-mas-emotivo-de-ikea\/#primaryimage"},"thumbnailUrl":"https:\/\/medianeeds.es\/wp-content\/uploads\/2018\/12\/ikea.png","datePublished":"2018-12-03T09:14:35+00:00","dateModified":"2018-12-03T10:06:48+00:00","breadcrumb":{"@id":"https:\/\/medianeeds.es\/es\/el-anuncio-mas-emotivo-de-ikea\/#breadcrumb"},"inLanguage":"es","potentialAction":[{"@type":"ReadAction","target":["https:\/\/medianeeds.es\/es\/el-anuncio-mas-emotivo-de-ikea\/"]}]},{"@type":"ImageObject","inLanguage":"es","@id":"https:\/\/medianeeds.es\/es\/el-anuncio-mas-emotivo-de-ikea\/#primaryimage","url":"https:\/\/medianeeds.es\/wp-content\/uploads\/2018\/12\/ikea.png","contentUrl":"https:\/\/medianeeds.es\/wp-content\/uploads\/2018\/12\/ikea.png","width":997,"height":629},{"@type":"BreadcrumbList","@id":"https:\/\/medianeeds.es\/es\/el-anuncio-mas-emotivo-de-ikea\/#breadcrumb","itemListElement":[{"@type":"ListItem","position":1,"name":"Portada","item":"https:\/\/medianeeds.es\/"},{"@type":"ListItem","position":2,"name":"El anuncio m\u00e1s emotivo de Ikea"}]},{"@type":"WebSite","@id":"https:\/\/medianeeds.es\/#website","url":"https:\/\/medianeeds.es\/","name":"M\u00e0rketing Reus | Media Needs Reus | Ag\u00e8ncia de publicitat Reus","description":"MediaNeeds \u00e9s una empresa especialitzada en serveis integrals de publicitat, m\u00e0rqueting on-line i community manager a Reus, Tarragona","publisher":{"@id":"https:\/\/medianeeds.es\/#organization"},"alternateName":"Media Needs","potentialAction":[{"@type":"SearchAction","target":{"@type":"EntryPoint","urlTemplate":"https:\/\/medianeeds.es\/?s={search_term_string}"},"query-input":{"@type":"PropertyValueSpecification","valueRequired":true,"valueName":"search_term_string"}}],"inLanguage":"es"},{"@type":"Organization","@id":"https:\/\/medianeeds.es\/#organization","name":"M\u00e0rketing Reus | Media Needs Reus | Ag\u00e8ncia de publicitat Reus","alternateName":"Media Needs","url":"https:\/\/medianeeds.es\/","logo":{"@type":"ImageObject","inLanguage":"es","@id":"https:\/\/medianeeds.es\/#\/schema\/logo\/image\/","url":"https:\/\/medianeeds.es\/wp-content\/uploads\/2024\/06\/COLOR_Mesa-de-trabajo-1-copia.png","contentUrl":"https:\/\/medianeeds.es\/wp-content\/uploads\/2024\/06\/COLOR_Mesa-de-trabajo-1-copia.png","width":470,"height":226,"caption":"M\u00e0rketing Reus | Media Needs Reus | Ag\u00e8ncia de publicitat Reus"},"image":{"@id":"https:\/\/medianeeds.es\/#\/schema\/logo\/image\/"},"sameAs":["https:\/\/www.facebook.com\/medianeeds.es\/","https:\/\/x.com\/media_needs","https:\/\/www.instagram.com\/medianeeds\/?hl=es"]},{"@type":"Person","@id":"https:\/\/medianeeds.es\/#\/schema\/person\/6a6f2f17f283df3eeb0946feebd2af79","name":"Medianeeds","image":{"@type":"ImageObject","inLanguage":"es","@id":"https:\/\/secure.gravatar.com\/avatar\/442251953f111b43a4668103c7b7c09aa35690e525473fb0bb9db0681ee9c0c3?s=96&d=mm&r=g","url":"https:\/\/secure.gravatar.com\/avatar\/442251953f111b43a4668103c7b7c09aa35690e525473fb0bb9db0681ee9c0c3?s=96&d=mm&r=g","contentUrl":"https:\/\/secure.gravatar.com\/avatar\/442251953f111b43a4668103c7b7c09aa35690e525473fb0bb9db0681ee9c0c3?s=96&d=mm&r=g","caption":"Medianeeds"},"url":"https:\/\/medianeeds.es\/es\/author\/medianeeds\/"}]}},"_links":{"self":[{"href":"https:\/\/medianeeds.es\/es\/wp-json\/wp\/v2\/posts\/13604","targetHints":{"allow":["GET"]}}],"collection":[{"href":"https:\/\/medianeeds.es\/es\/wp-json\/wp\/v2\/posts"}],"about":[{"href":"https:\/\/medianeeds.es\/es\/wp-json\/wp\/v2\/types\/post"}],"author":[{"embeddable":true,"href":"https:\/\/medianeeds.es\/es\/wp-json\/wp\/v2\/users\/1"}],"replies":[{"embeddable":true,"href":"https:\/\/medianeeds.es\/es\/wp-json\/wp\/v2\/comments?post=13604"}],"version-history":[{"count":1,"href":"https:\/\/medianeeds.es\/es\/wp-json\/wp\/v2\/posts\/13604\/revisions"}],"predecessor-version":[{"id":13605,"href":"https:\/\/medianeeds.es\/es\/wp-json\/wp\/v2\/posts\/13604\/revisions\/13605"}],"wp:featuredmedia":[{"embeddable":true,"href":"https:\/\/medianeeds.es\/es\/wp-json\/wp\/v2\/media\/13601"}],"wp:attachment":[{"href":"https:\/\/medianeeds.es\/es\/wp-json\/wp\/v2\/media?parent=13604"}],"wp:term":[{"taxonomy":"category","embeddable":true,"href":"https:\/\/medianeeds.es\/es\/wp-json\/wp\/v2\/categories?post=13604"},{"taxonomy":"post_tag","embeddable":true,"href":"https:\/\/medianeeds.es\/es\/wp-json\/wp\/v2\/tags?post=13604"}],"curies":[{"name":"wp","href":"https:\/\/api.w.org\/{rel}","templated":true}]}}