{"id":13590,"date":"2018-11-23T08:45:50","date_gmt":"2018-11-23T08:45:50","guid":{"rendered":"https:\/\/medianeeds.es\/?p=13590"},"modified":"2018-12-02T13:42:13","modified_gmt":"2018-12-02T13:42:13","slug":"el-futuro-del-marketing-digital","status":"publish","type":"post","link":"https:\/\/medianeeds.es\/es\/el-futuro-del-marketing-digital\/","title":{"rendered":"El futuro del Marketing Digital"},"content":{"rendered":"<p>Solamente falta un poco m\u00e1s de un mes para despedirnos del 2018 i es momento de empezar a preparar las nuevas estrategias. El mundo digital avanza velozmente i es necesario adaptarse. Lo m\u00e1s importante es ser din\u00e1mico e innovador, para destacar por encima del resto.<br \/>\nA estas alturas, nos preguntamos, \u00bfqu\u00e9 nos depara el 2019? Os traemos una predicci\u00f3n de las tendencias en m\u00e1rketing digital en 2019.<\/p>\n<p>1. Los <strong>altavoces inteligentes<\/strong> han adquirido importancia. El 68% de los consumidores de este tipo de altavoces, aseguran que no volver\u00edan al control por voz. Pensando en el futuro, debemos idear publicidad adecuada para Google Home, Apple HomePod i Amazona LEZA.<br \/>\n2. Los \u00ab<strong>Stories<\/strong>\u00bb i los <strong>v\u00eddeos en directo<\/strong> seguir\u00e1n triunfando. Al p\u00fablico le interesan los contenidos r\u00e1pidos i breves. No dejes de lado estas herramientas.<br \/>\n3.El uso de \u00ab<strong>chatbots<\/strong>\u00bb se normalizar\u00e1 durante el 2019. La mensajer\u00eda debe cuidarse, ya que es la forma preferida de comunicaci\u00f3n de los clientes. Piensa cuales ser\u00e1n los objetivos de tu nuevo \u00abchatbot\u00bb.<br \/>\n4. Los <strong>v\u00eddeos<\/strong> siguen creciendo. De hecho, se pronostica que los v\u00eddeos representen el 85% del tr\u00e1fico de internet del 2019. Por lo tanto, si lo puedes decir en v\u00eddeo, ser\u00e1 mejor que un texto.<br \/>\n5. La corriente \u201c<strong>Mobile first<\/strong>\u201d no es una novedad y sigue aumentando. Es esencial adaptar todas las plataformas a este dispositivo.<\/p>\n<p>A Medianeeds, siempre estamos al corriente de las nuevas tendencias. Ofrecemos a nuestros clientes estrategias adaptadas a las plataformas favoritas de los consumidores. Nos especializamos en comunicaci\u00f3n 360\u00a8, de manera global y con un mensaje unificado. <\/p>\n","protected":false},"excerpt":{"rendered":"<p>Solamente falta un poco m\u00e1s de un mes para despedirnos del 2018 i es momento de empezar a preparar las nuevas estrategias. El mundo digital avanza velozmente i es necesario adaptarse. Lo m\u00e1s importante es ser din\u00e1mico e innovador, para destacar por encima del resto. A estas alturas, nos preguntamos, \u00bfqu\u00e9 nos depara el 2019? [&hellip;]<\/p>\n","protected":false},"author":1,"featured_media":13585,"comment_status":"closed","ping_status":"closed","sticky":false,"template":"","format":"standard","meta":{"_et_pb_use_builder":"","_et_pb_old_content":"","_et_gb_content_width":"","footnotes":""},"categories":[188,249,280,252],"tags":[282],"class_list":["post-13590","post","type-post","status-publish","format-standard","has-post-thumbnail","hentry","category-blog-es-4","category-destacados","category-marketing","category-noticias","tag-marketing-digital"],"yoast_head":"<!-- This site is optimized with the Yoast SEO plugin v27.4 - https:\/\/yoast.com\/product\/yoast-seo-wordpress\/ -->\n<title>El futuro del Marketing Digital - M\u00e0rketing Reus | Media Needs Reus | Ag\u00e8ncia de publicitat Reus<\/title>\n<meta name=\"robots\" content=\"index, follow, max-snippet:-1, max-image-preview:large, max-video-preview:-1\" \/>\n<link rel=\"canonical\" href=\"https:\/\/medianeeds.es\/es\/el-futuro-del-marketing-digital\/\" \/>\n<meta property=\"og:locale\" content=\"es_ES\" \/>\n<meta property=\"og:type\" content=\"article\" \/>\n<meta property=\"og:title\" content=\"El futuro del Marketing Digital - M\u00e0rketing Reus | Media Needs Reus | Ag\u00e8ncia de publicitat Reus\" \/>\n<meta property=\"og:description\" content=\"Solamente falta un poco m\u00e1s de un mes para despedirnos del 2018 i es momento de empezar a preparar las nuevas estrategias. El mundo digital avanza velozmente i es necesario adaptarse. Lo m\u00e1s importante es ser din\u00e1mico e innovador, para destacar por encima del resto. A estas alturas, nos preguntamos, \u00bfqu\u00e9 nos depara el 2019? [&hellip;]\" \/>\n<meta property=\"og:url\" content=\"https:\/\/medianeeds.es\/es\/el-futuro-del-marketing-digital\/\" \/>\n<meta property=\"og:site_name\" content=\"M\u00e0rketing Reus | Media Needs Reus | Ag\u00e8ncia de publicitat Reus\" \/>\n<meta property=\"article:publisher\" content=\"https:\/\/www.facebook.com\/medianeeds.es\/\" \/>\n<meta property=\"article:published_time\" content=\"2018-11-23T08:45:50+00:00\" \/>\n<meta property=\"article:modified_time\" content=\"2018-12-02T13:42:13+00:00\" \/>\n<meta property=\"og:image\" content=\"https:\/\/medianeeds.es\/wp-content\/uploads\/2018\/11\/blog_medianeeds.jpg\" \/>\n\t<meta property=\"og:image:width\" content=\"997\" \/>\n\t<meta property=\"og:image:height\" content=\"629\" \/>\n\t<meta property=\"og:image:type\" content=\"image\/jpeg\" \/>\n<meta name=\"author\" content=\"Medianeeds\" \/>\n<meta name=\"twitter:label1\" content=\"Escrito por\" \/>\n\t<meta name=\"twitter:data1\" content=\"Medianeeds\" \/>\n\t<meta name=\"twitter:label2\" content=\"Tiempo de lectura\" \/>\n\t<meta name=\"twitter:data2\" content=\"1 minuto\" \/>\n<script type=\"application\/ld+json\" class=\"yoast-schema-graph\">{\"@context\":\"https:\\\/\\\/schema.org\",\"@graph\":[{\"@type\":\"Article\",\"@id\":\"https:\\\/\\\/medianeeds.es\\\/es\\\/el-futuro-del-marketing-digital\\\/#article\",\"isPartOf\":{\"@id\":\"https:\\\/\\\/medianeeds.es\\\/es\\\/el-futuro-del-marketing-digital\\\/\"},\"author\":{\"name\":\"Medianeeds\",\"@id\":\"https:\\\/\\\/medianeeds.es\\\/#\\\/schema\\\/person\\\/6a6f2f17f283df3eeb0946feebd2af79\"},\"headline\":\"El futuro del Marketing Digital\",\"datePublished\":\"2018-11-23T08:45:50+00:00\",\"dateModified\":\"2018-12-02T13:42:13+00:00\",\"mainEntityOfPage\":{\"@id\":\"https:\\\/\\\/medianeeds.es\\\/es\\\/el-futuro-del-marketing-digital\\\/\"},\"wordCount\":269,\"publisher\":{\"@id\":\"https:\\\/\\\/medianeeds.es\\\/#organization\"},\"image\":{\"@id\":\"https:\\\/\\\/medianeeds.es\\\/es\\\/el-futuro-del-marketing-digital\\\/#primaryimage\"},\"thumbnailUrl\":\"https:\\\/\\\/medianeeds.es\\\/wp-content\\\/uploads\\\/2018\\\/11\\\/blog_medianeeds.jpg\",\"keywords\":[\"Marketing digital\"],\"articleSection\":[\"Blog\",\"Destacados\",\"M\u00e1rketing\",\"Noticias\"],\"inLanguage\":\"es\"},{\"@type\":\"WebPage\",\"@id\":\"https:\\\/\\\/medianeeds.es\\\/es\\\/el-futuro-del-marketing-digital\\\/\",\"url\":\"https:\\\/\\\/medianeeds.es\\\/es\\\/el-futuro-del-marketing-digital\\\/\",\"name\":\"El futuro del Marketing Digital - M\u00e0rketing Reus | Media Needs Reus | Ag\u00e8ncia de publicitat Reus\",\"isPartOf\":{\"@id\":\"https:\\\/\\\/medianeeds.es\\\/#website\"},\"primaryImageOfPage\":{\"@id\":\"https:\\\/\\\/medianeeds.es\\\/es\\\/el-futuro-del-marketing-digital\\\/#primaryimage\"},\"image\":{\"@id\":\"https:\\\/\\\/medianeeds.es\\\/es\\\/el-futuro-del-marketing-digital\\\/#primaryimage\"},\"thumbnailUrl\":\"https:\\\/\\\/medianeeds.es\\\/wp-content\\\/uploads\\\/2018\\\/11\\\/blog_medianeeds.jpg\",\"datePublished\":\"2018-11-23T08:45:50+00:00\",\"dateModified\":\"2018-12-02T13:42:13+00:00\",\"breadcrumb\":{\"@id\":\"https:\\\/\\\/medianeeds.es\\\/es\\\/el-futuro-del-marketing-digital\\\/#breadcrumb\"},\"inLanguage\":\"es\",\"potentialAction\":[{\"@type\":\"ReadAction\",\"target\":[\"https:\\\/\\\/medianeeds.es\\\/es\\\/el-futuro-del-marketing-digital\\\/\"]}]},{\"@type\":\"ImageObject\",\"inLanguage\":\"es\",\"@id\":\"https:\\\/\\\/medianeeds.es\\\/es\\\/el-futuro-del-marketing-digital\\\/#primaryimage\",\"url\":\"https:\\\/\\\/medianeeds.es\\\/wp-content\\\/uploads\\\/2018\\\/11\\\/blog_medianeeds.jpg\",\"contentUrl\":\"https:\\\/\\\/medianeeds.es\\\/wp-content\\\/uploads\\\/2018\\\/11\\\/blog_medianeeds.jpg\",\"width\":997,\"height\":629},{\"@type\":\"BreadcrumbList\",\"@id\":\"https:\\\/\\\/medianeeds.es\\\/es\\\/el-futuro-del-marketing-digital\\\/#breadcrumb\",\"itemListElement\":[{\"@type\":\"ListItem\",\"position\":1,\"name\":\"Portada\",\"item\":\"https:\\\/\\\/medianeeds.es\\\/\"},{\"@type\":\"ListItem\",\"position\":2,\"name\":\"El futuro del Marketing Digital\"}]},{\"@type\":\"WebSite\",\"@id\":\"https:\\\/\\\/medianeeds.es\\\/#website\",\"url\":\"https:\\\/\\\/medianeeds.es\\\/\",\"name\":\"M\u00e0rketing Reus | Media Needs Reus | Ag\u00e8ncia de publicitat Reus\",\"description\":\"MediaNeeds \u00e9s una empresa especialitzada en serveis integrals de publicitat, m\u00e0rqueting on-line i community manager a Reus, Tarragona\",\"publisher\":{\"@id\":\"https:\\\/\\\/medianeeds.es\\\/#organization\"},\"alternateName\":\"Media Needs\",\"potentialAction\":[{\"@type\":\"SearchAction\",\"target\":{\"@type\":\"EntryPoint\",\"urlTemplate\":\"https:\\\/\\\/medianeeds.es\\\/?s={search_term_string}\"},\"query-input\":{\"@type\":\"PropertyValueSpecification\",\"valueRequired\":true,\"valueName\":\"search_term_string\"}}],\"inLanguage\":\"es\"},{\"@type\":\"Organization\",\"@id\":\"https:\\\/\\\/medianeeds.es\\\/#organization\",\"name\":\"M\u00e0rketing Reus | Media Needs Reus | Ag\u00e8ncia de publicitat Reus\",\"alternateName\":\"Media Needs\",\"url\":\"https:\\\/\\\/medianeeds.es\\\/\",\"logo\":{\"@type\":\"ImageObject\",\"inLanguage\":\"es\",\"@id\":\"https:\\\/\\\/medianeeds.es\\\/#\\\/schema\\\/logo\\\/image\\\/\",\"url\":\"https:\\\/\\\/medianeeds.es\\\/wp-content\\\/uploads\\\/2024\\\/06\\\/COLOR_Mesa-de-trabajo-1-copia.png\",\"contentUrl\":\"https:\\\/\\\/medianeeds.es\\\/wp-content\\\/uploads\\\/2024\\\/06\\\/COLOR_Mesa-de-trabajo-1-copia.png\",\"width\":470,\"height\":226,\"caption\":\"M\u00e0rketing Reus | Media Needs Reus | Ag\u00e8ncia de publicitat Reus\"},\"image\":{\"@id\":\"https:\\\/\\\/medianeeds.es\\\/#\\\/schema\\\/logo\\\/image\\\/\"},\"sameAs\":[\"https:\\\/\\\/www.facebook.com\\\/medianeeds.es\\\/\",\"https:\\\/\\\/x.com\\\/media_needs\",\"https:\\\/\\\/www.instagram.com\\\/medianeeds\\\/?hl=es\"]},{\"@type\":\"Person\",\"@id\":\"https:\\\/\\\/medianeeds.es\\\/#\\\/schema\\\/person\\\/6a6f2f17f283df3eeb0946feebd2af79\",\"name\":\"Medianeeds\",\"image\":{\"@type\":\"ImageObject\",\"inLanguage\":\"es\",\"@id\":\"https:\\\/\\\/secure.gravatar.com\\\/avatar\\\/442251953f111b43a4668103c7b7c09aa35690e525473fb0bb9db0681ee9c0c3?s=96&d=mm&r=g\",\"url\":\"https:\\\/\\\/secure.gravatar.com\\\/avatar\\\/442251953f111b43a4668103c7b7c09aa35690e525473fb0bb9db0681ee9c0c3?s=96&d=mm&r=g\",\"contentUrl\":\"https:\\\/\\\/secure.gravatar.com\\\/avatar\\\/442251953f111b43a4668103c7b7c09aa35690e525473fb0bb9db0681ee9c0c3?s=96&d=mm&r=g\",\"caption\":\"Medianeeds\"},\"url\":\"https:\\\/\\\/medianeeds.es\\\/es\\\/author\\\/medianeeds\\\/\"}]}<\/script>\n<!-- \/ Yoast SEO plugin. -->","yoast_head_json":{"title":"El futuro del Marketing Digital - M\u00e0rketing Reus | Media Needs Reus | Ag\u00e8ncia de publicitat Reus","robots":{"index":"index","follow":"follow","max-snippet":"max-snippet:-1","max-image-preview":"max-image-preview:large","max-video-preview":"max-video-preview:-1"},"canonical":"https:\/\/medianeeds.es\/es\/el-futuro-del-marketing-digital\/","og_locale":"es_ES","og_type":"article","og_title":"El futuro del Marketing Digital - M\u00e0rketing Reus | Media Needs Reus | Ag\u00e8ncia de publicitat Reus","og_description":"Solamente falta un poco m\u00e1s de un mes para despedirnos del 2018 i es momento de empezar a preparar las nuevas estrategias. El mundo digital avanza velozmente i es necesario adaptarse. Lo m\u00e1s importante es ser din\u00e1mico e innovador, para destacar por encima del resto. A estas alturas, nos preguntamos, \u00bfqu\u00e9 nos depara el 2019? [&hellip;]","og_url":"https:\/\/medianeeds.es\/es\/el-futuro-del-marketing-digital\/","og_site_name":"M\u00e0rketing Reus | Media Needs Reus | Ag\u00e8ncia de publicitat Reus","article_publisher":"https:\/\/www.facebook.com\/medianeeds.es\/","article_published_time":"2018-11-23T08:45:50+00:00","article_modified_time":"2018-12-02T13:42:13+00:00","og_image":[{"width":997,"height":629,"url":"https:\/\/medianeeds.es\/wp-content\/uploads\/2018\/11\/blog_medianeeds.jpg","type":"image\/jpeg"}],"author":"Medianeeds","twitter_misc":{"Escrito por":"Medianeeds","Tiempo de lectura":"1 minuto"},"schema":{"@context":"https:\/\/schema.org","@graph":[{"@type":"Article","@id":"https:\/\/medianeeds.es\/es\/el-futuro-del-marketing-digital\/#article","isPartOf":{"@id":"https:\/\/medianeeds.es\/es\/el-futuro-del-marketing-digital\/"},"author":{"name":"Medianeeds","@id":"https:\/\/medianeeds.es\/#\/schema\/person\/6a6f2f17f283df3eeb0946feebd2af79"},"headline":"El futuro del Marketing Digital","datePublished":"2018-11-23T08:45:50+00:00","dateModified":"2018-12-02T13:42:13+00:00","mainEntityOfPage":{"@id":"https:\/\/medianeeds.es\/es\/el-futuro-del-marketing-digital\/"},"wordCount":269,"publisher":{"@id":"https:\/\/medianeeds.es\/#organization"},"image":{"@id":"https:\/\/medianeeds.es\/es\/el-futuro-del-marketing-digital\/#primaryimage"},"thumbnailUrl":"https:\/\/medianeeds.es\/wp-content\/uploads\/2018\/11\/blog_medianeeds.jpg","keywords":["Marketing digital"],"articleSection":["Blog","Destacados","M\u00e1rketing","Noticias"],"inLanguage":"es"},{"@type":"WebPage","@id":"https:\/\/medianeeds.es\/es\/el-futuro-del-marketing-digital\/","url":"https:\/\/medianeeds.es\/es\/el-futuro-del-marketing-digital\/","name":"El futuro del Marketing Digital - M\u00e0rketing Reus | Media Needs Reus | Ag\u00e8ncia de publicitat Reus","isPartOf":{"@id":"https:\/\/medianeeds.es\/#website"},"primaryImageOfPage":{"@id":"https:\/\/medianeeds.es\/es\/el-futuro-del-marketing-digital\/#primaryimage"},"image":{"@id":"https:\/\/medianeeds.es\/es\/el-futuro-del-marketing-digital\/#primaryimage"},"thumbnailUrl":"https:\/\/medianeeds.es\/wp-content\/uploads\/2018\/11\/blog_medianeeds.jpg","datePublished":"2018-11-23T08:45:50+00:00","dateModified":"2018-12-02T13:42:13+00:00","breadcrumb":{"@id":"https:\/\/medianeeds.es\/es\/el-futuro-del-marketing-digital\/#breadcrumb"},"inLanguage":"es","potentialAction":[{"@type":"ReadAction","target":["https:\/\/medianeeds.es\/es\/el-futuro-del-marketing-digital\/"]}]},{"@type":"ImageObject","inLanguage":"es","@id":"https:\/\/medianeeds.es\/es\/el-futuro-del-marketing-digital\/#primaryimage","url":"https:\/\/medianeeds.es\/wp-content\/uploads\/2018\/11\/blog_medianeeds.jpg","contentUrl":"https:\/\/medianeeds.es\/wp-content\/uploads\/2018\/11\/blog_medianeeds.jpg","width":997,"height":629},{"@type":"BreadcrumbList","@id":"https:\/\/medianeeds.es\/es\/el-futuro-del-marketing-digital\/#breadcrumb","itemListElement":[{"@type":"ListItem","position":1,"name":"Portada","item":"https:\/\/medianeeds.es\/"},{"@type":"ListItem","position":2,"name":"El futuro del Marketing Digital"}]},{"@type":"WebSite","@id":"https:\/\/medianeeds.es\/#website","url":"https:\/\/medianeeds.es\/","name":"M\u00e0rketing Reus | Media Needs Reus | Ag\u00e8ncia de publicitat Reus","description":"MediaNeeds \u00e9s una empresa especialitzada en serveis integrals de publicitat, m\u00e0rqueting on-line i community manager a Reus, Tarragona","publisher":{"@id":"https:\/\/medianeeds.es\/#organization"},"alternateName":"Media Needs","potentialAction":[{"@type":"SearchAction","target":{"@type":"EntryPoint","urlTemplate":"https:\/\/medianeeds.es\/?s={search_term_string}"},"query-input":{"@type":"PropertyValueSpecification","valueRequired":true,"valueName":"search_term_string"}}],"inLanguage":"es"},{"@type":"Organization","@id":"https:\/\/medianeeds.es\/#organization","name":"M\u00e0rketing Reus | Media Needs Reus | Ag\u00e8ncia de publicitat Reus","alternateName":"Media Needs","url":"https:\/\/medianeeds.es\/","logo":{"@type":"ImageObject","inLanguage":"es","@id":"https:\/\/medianeeds.es\/#\/schema\/logo\/image\/","url":"https:\/\/medianeeds.es\/wp-content\/uploads\/2024\/06\/COLOR_Mesa-de-trabajo-1-copia.png","contentUrl":"https:\/\/medianeeds.es\/wp-content\/uploads\/2024\/06\/COLOR_Mesa-de-trabajo-1-copia.png","width":470,"height":226,"caption":"M\u00e0rketing Reus | Media Needs Reus | Ag\u00e8ncia de publicitat Reus"},"image":{"@id":"https:\/\/medianeeds.es\/#\/schema\/logo\/image\/"},"sameAs":["https:\/\/www.facebook.com\/medianeeds.es\/","https:\/\/x.com\/media_needs","https:\/\/www.instagram.com\/medianeeds\/?hl=es"]},{"@type":"Person","@id":"https:\/\/medianeeds.es\/#\/schema\/person\/6a6f2f17f283df3eeb0946feebd2af79","name":"Medianeeds","image":{"@type":"ImageObject","inLanguage":"es","@id":"https:\/\/secure.gravatar.com\/avatar\/442251953f111b43a4668103c7b7c09aa35690e525473fb0bb9db0681ee9c0c3?s=96&d=mm&r=g","url":"https:\/\/secure.gravatar.com\/avatar\/442251953f111b43a4668103c7b7c09aa35690e525473fb0bb9db0681ee9c0c3?s=96&d=mm&r=g","contentUrl":"https:\/\/secure.gravatar.com\/avatar\/442251953f111b43a4668103c7b7c09aa35690e525473fb0bb9db0681ee9c0c3?s=96&d=mm&r=g","caption":"Medianeeds"},"url":"https:\/\/medianeeds.es\/es\/author\/medianeeds\/"}]}},"_links":{"self":[{"href":"https:\/\/medianeeds.es\/es\/wp-json\/wp\/v2\/posts\/13590","targetHints":{"allow":["GET"]}}],"collection":[{"href":"https:\/\/medianeeds.es\/es\/wp-json\/wp\/v2\/posts"}],"about":[{"href":"https:\/\/medianeeds.es\/es\/wp-json\/wp\/v2\/types\/post"}],"author":[{"embeddable":true,"href":"https:\/\/medianeeds.es\/es\/wp-json\/wp\/v2\/users\/1"}],"replies":[{"embeddable":true,"href":"https:\/\/medianeeds.es\/es\/wp-json\/wp\/v2\/comments?post=13590"}],"version-history":[{"count":5,"href":"https:\/\/medianeeds.es\/es\/wp-json\/wp\/v2\/posts\/13590\/revisions"}],"predecessor-version":[{"id":13595,"href":"https:\/\/medianeeds.es\/es\/wp-json\/wp\/v2\/posts\/13590\/revisions\/13595"}],"wp:featuredmedia":[{"embeddable":true,"href":"https:\/\/medianeeds.es\/es\/wp-json\/wp\/v2\/media\/13585"}],"wp:attachment":[{"href":"https:\/\/medianeeds.es\/es\/wp-json\/wp\/v2\/media?parent=13590"}],"wp:term":[{"taxonomy":"category","embeddable":true,"href":"https:\/\/medianeeds.es\/es\/wp-json\/wp\/v2\/categories?post=13590"},{"taxonomy":"post_tag","embeddable":true,"href":"https:\/\/medianeeds.es\/es\/wp-json\/wp\/v2\/tags?post=13590"}],"curies":[{"name":"wp","href":"https:\/\/api.w.org\/{rel}","templated":true}]}}