{"id":13422,"date":"2018-10-22T15:59:57","date_gmt":"2018-10-22T15:59:57","guid":{"rendered":"https:\/\/medianeeds.es\/?p=13422"},"modified":"2018-10-22T16:02:37","modified_gmt":"2018-10-22T16:02:37","slug":"community-manager-la-profesion-de-moda","status":"publish","type":"post","link":"https:\/\/medianeeds.es\/es\/community-manager-la-profesion-de-moda\/","title":{"rendered":"Community Manager: la profesi\u00f3n de moda"},"content":{"rendered":"<p>Seguro que conoces a alguien que es\u00a0Community\u00a0Manager, la profesi\u00f3n de moda del 2018. Su trabajo consiste en gestionar todas las redes sociales de una empresa y adem\u00e1s se encarga de hacer una escucha activa de los usuarios que hay en cada uno de los soportes.\u2028Estar al d\u00eda de todas las novedades en las redes es muy importante porque en esto se basa su trabajo. Si no hay contenido interesante, las redes no funcionan y los usuarios no se interesan por la marca.<\/p>\n<p>\u2028\u2028Gestionar las redes sociales es una tarea que requiere una gran atenci\u00f3n y esfuerzo por parte del\u00a0Community\u00a0Manager\u00a0y, por eso, es esencial\u00a0mencionar\u00a0todo aquello que hay que evitar. El \u00e9xito recae en la profesionalidad y en la exigencia.\u00a0\u2028\u2028Si quieres ser\u00a0Community\u00a0Manager, te explicamos todo el que hay que hacer:\u2028 En primer lugar es muy importante comprobar la informaci\u00f3n Por\u00a0eso, un gran n\u00famero de\u00a0Community\u00a0Managers\u00a0se han dedicado al mundo del periodismo. Personas a quienes les gusta escribir y tienen criterios de veracidad, siempre intentando comprobar que aquello que dicen es cierto.\u00a0\u2028<\/p>\n<p>Por otro lado, hay que conocer las herramientas de las cuales disponemos. En este caso, los inseparables de un\u00a0Community\u00a0Manager son Hootsuite, \u00a0Socialgest\u00a0y cualquiera otro programador de posts.\u00a0\u2028Tambi\u00e9n es importante conocer el tono de comunicaci\u00f3n de la marca y mantenerlo. S\u00f3lo as\u00ed habr\u00e1 coherencia y el perfil tendr\u00e1 veracidad.<\/p>\n<p>\u2028Uno de los errores m\u00e1s t\u00edpicos es ver contenidos diferentes en cuentas equivocadas, por eso es importante asegurarnos que el contenido se cuelga en el canal id\u00f3neo.\u00a0\u2028En cuarto lugar, si hace poco que te has iniciado en este mundo, no intentes caer en las bromas, a veces pueden salir caras. Tampoco utilices\u00a0hashtags\u00a0en exceso, utiliza entre 2 o 3 por publicaci\u00f3n.\u2028\u2028Y, por \u00faltimo, evita las contestaciones robot. Intenta adaptar el mensaje a cada usuario, evitando los mensajes programados, siempre hay algo diferente en cada pregunta!\u00a0\u2028<\/p>\n<p>Est\u00e1 claro que ser\u00a0Community\u00a0Manager\u00a0no es tarea f\u00e1cil, tal y como nos pens\u00e1bamos. \u00a1Ahora s\u00f3lo hay que poner en pr\u00e1ctica las herramientas que te proponemos y conseguir\u00e1s triunfar!<\/p>\n","protected":false},"excerpt":{"rendered":"<p>Seguro que conoces a alguien que es\u00a0Community\u00a0Manager, la profesi\u00f3n de moda del 2018. Su trabajo consiste en gestionar todas las redes sociales de una empresa y adem\u00e1s se encarga de hacer una escucha activa de los usuarios que hay en cada uno de los soportes.\u2028Estar al d\u00eda de todas las novedades en las redes es [&hellip;]<\/p>\n","protected":false},"author":1,"featured_media":13416,"comment_status":"closed","ping_status":"closed","sticky":false,"template":"","format":"standard","meta":{"_et_pb_use_builder":"","_et_pb_old_content":"","_et_gb_content_width":"","footnotes":""},"categories":[188,249,280,189,23,243],"tags":[],"class_list":["post-13422","post","type-post","status-publish","format-standard","has-post-thumbnail","hentry","category-blog-es-4","category-destacados","category-marketing","category-marqueting-es-2","category-noticies-es","category-xarxa-social-es-2"],"yoast_head":"<!-- This site is optimized with the Yoast SEO plugin v27.4 - https:\/\/yoast.com\/product\/yoast-seo-wordpress\/ -->\n<title>Community Manager: la profesi\u00f3n de moda - M\u00e0rketing Reus | Media Needs Reus | Ag\u00e8ncia de publicitat Reus<\/title>\n<meta name=\"robots\" content=\"index, follow, max-snippet:-1, max-image-preview:large, max-video-preview:-1\" \/>\n<link rel=\"canonical\" href=\"https:\/\/medianeeds.es\/es\/community-manager-la-profesion-de-moda\/\" \/>\n<meta property=\"og:locale\" content=\"es_ES\" \/>\n<meta property=\"og:type\" content=\"article\" \/>\n<meta property=\"og:title\" content=\"Community Manager: la profesi\u00f3n de moda - M\u00e0rketing Reus | Media Needs Reus | Ag\u00e8ncia de publicitat Reus\" \/>\n<meta property=\"og:description\" content=\"Seguro que conoces a alguien que es\u00a0Community\u00a0Manager, la profesi\u00f3n de moda del 2018. Su trabajo consiste en gestionar todas las redes sociales de una empresa y adem\u00e1s se encarga de hacer una escucha activa de los usuarios que hay en cada uno de los soportes.\u2028Estar al d\u00eda de todas las novedades en las redes es [&hellip;]\" \/>\n<meta property=\"og:url\" content=\"https:\/\/medianeeds.es\/es\/community-manager-la-profesion-de-moda\/\" \/>\n<meta property=\"og:site_name\" content=\"M\u00e0rketing Reus | Media Needs Reus | Ag\u00e8ncia de publicitat Reus\" \/>\n<meta property=\"article:publisher\" content=\"https:\/\/www.facebook.com\/medianeeds.es\/\" \/>\n<meta property=\"article:published_time\" content=\"2018-10-22T15:59:57+00:00\" \/>\n<meta property=\"article:modified_time\" content=\"2018-10-22T16:02:37+00:00\" \/>\n<meta property=\"og:image\" content=\"https:\/\/medianeeds.es\/wp-content\/uploads\/2018\/10\/community-manager.png\" \/>\n\t<meta property=\"og:image:width\" content=\"997\" \/>\n\t<meta property=\"og:image:height\" content=\"629\" \/>\n\t<meta property=\"og:image:type\" content=\"image\/png\" \/>\n<meta name=\"author\" content=\"Medianeeds\" \/>\n<meta name=\"twitter:label1\" content=\"Escrito por\" \/>\n\t<meta name=\"twitter:data1\" content=\"Medianeeds\" \/>\n\t<meta name=\"twitter:label2\" content=\"Tiempo de lectura\" \/>\n\t<meta name=\"twitter:data2\" content=\"2 minutos\" \/>\n<script type=\"application\/ld+json\" class=\"yoast-schema-graph\">{\"@context\":\"https:\\\/\\\/schema.org\",\"@graph\":[{\"@type\":\"Article\",\"@id\":\"https:\\\/\\\/medianeeds.es\\\/es\\\/community-manager-la-profesion-de-moda\\\/#article\",\"isPartOf\":{\"@id\":\"https:\\\/\\\/medianeeds.es\\\/es\\\/community-manager-la-profesion-de-moda\\\/\"},\"author\":{\"name\":\"Medianeeds\",\"@id\":\"https:\\\/\\\/medianeeds.es\\\/#\\\/schema\\\/person\\\/6a6f2f17f283df3eeb0946feebd2af79\"},\"headline\":\"Community Manager: la profesi\u00f3n de moda\",\"datePublished\":\"2018-10-22T15:59:57+00:00\",\"dateModified\":\"2018-10-22T16:02:37+00:00\",\"mainEntityOfPage\":{\"@id\":\"https:\\\/\\\/medianeeds.es\\\/es\\\/community-manager-la-profesion-de-moda\\\/\"},\"wordCount\":375,\"publisher\":{\"@id\":\"https:\\\/\\\/medianeeds.es\\\/#organization\"},\"image\":{\"@id\":\"https:\\\/\\\/medianeeds.es\\\/es\\\/community-manager-la-profesion-de-moda\\\/#primaryimage\"},\"thumbnailUrl\":\"https:\\\/\\\/medianeeds.es\\\/wp-content\\\/uploads\\\/2018\\\/10\\\/community-manager.png\",\"articleSection\":[\"Blog\",\"Destacados\",\"M\u00e1rketing\",\"M\u00e0rqueting\",\"Not\u00edcies\",\"Xarxa Social\"],\"inLanguage\":\"es\"},{\"@type\":\"WebPage\",\"@id\":\"https:\\\/\\\/medianeeds.es\\\/es\\\/community-manager-la-profesion-de-moda\\\/\",\"url\":\"https:\\\/\\\/medianeeds.es\\\/es\\\/community-manager-la-profesion-de-moda\\\/\",\"name\":\"Community Manager: la profesi\u00f3n de moda - M\u00e0rketing Reus | Media Needs Reus | Ag\u00e8ncia de publicitat Reus\",\"isPartOf\":{\"@id\":\"https:\\\/\\\/medianeeds.es\\\/#website\"},\"primaryImageOfPage\":{\"@id\":\"https:\\\/\\\/medianeeds.es\\\/es\\\/community-manager-la-profesion-de-moda\\\/#primaryimage\"},\"image\":{\"@id\":\"https:\\\/\\\/medianeeds.es\\\/es\\\/community-manager-la-profesion-de-moda\\\/#primaryimage\"},\"thumbnailUrl\":\"https:\\\/\\\/medianeeds.es\\\/wp-content\\\/uploads\\\/2018\\\/10\\\/community-manager.png\",\"datePublished\":\"2018-10-22T15:59:57+00:00\",\"dateModified\":\"2018-10-22T16:02:37+00:00\",\"breadcrumb\":{\"@id\":\"https:\\\/\\\/medianeeds.es\\\/es\\\/community-manager-la-profesion-de-moda\\\/#breadcrumb\"},\"inLanguage\":\"es\",\"potentialAction\":[{\"@type\":\"ReadAction\",\"target\":[\"https:\\\/\\\/medianeeds.es\\\/es\\\/community-manager-la-profesion-de-moda\\\/\"]}]},{\"@type\":\"ImageObject\",\"inLanguage\":\"es\",\"@id\":\"https:\\\/\\\/medianeeds.es\\\/es\\\/community-manager-la-profesion-de-moda\\\/#primaryimage\",\"url\":\"https:\\\/\\\/medianeeds.es\\\/wp-content\\\/uploads\\\/2018\\\/10\\\/community-manager.png\",\"contentUrl\":\"https:\\\/\\\/medianeeds.es\\\/wp-content\\\/uploads\\\/2018\\\/10\\\/community-manager.png\",\"width\":997,\"height\":629},{\"@type\":\"BreadcrumbList\",\"@id\":\"https:\\\/\\\/medianeeds.es\\\/es\\\/community-manager-la-profesion-de-moda\\\/#breadcrumb\",\"itemListElement\":[{\"@type\":\"ListItem\",\"position\":1,\"name\":\"Portada\",\"item\":\"https:\\\/\\\/medianeeds.es\\\/\"},{\"@type\":\"ListItem\",\"position\":2,\"name\":\"Community Manager: la profesi\u00f3n de moda\"}]},{\"@type\":\"WebSite\",\"@id\":\"https:\\\/\\\/medianeeds.es\\\/#website\",\"url\":\"https:\\\/\\\/medianeeds.es\\\/\",\"name\":\"M\u00e0rketing Reus | Media Needs Reus | Ag\u00e8ncia de publicitat Reus\",\"description\":\"MediaNeeds \u00e9s una empresa especialitzada en serveis integrals de publicitat, m\u00e0rqueting on-line i community manager a Reus, Tarragona\",\"publisher\":{\"@id\":\"https:\\\/\\\/medianeeds.es\\\/#organization\"},\"alternateName\":\"Media Needs\",\"potentialAction\":[{\"@type\":\"SearchAction\",\"target\":{\"@type\":\"EntryPoint\",\"urlTemplate\":\"https:\\\/\\\/medianeeds.es\\\/?s={search_term_string}\"},\"query-input\":{\"@type\":\"PropertyValueSpecification\",\"valueRequired\":true,\"valueName\":\"search_term_string\"}}],\"inLanguage\":\"es\"},{\"@type\":\"Organization\",\"@id\":\"https:\\\/\\\/medianeeds.es\\\/#organization\",\"name\":\"M\u00e0rketing Reus | Media Needs Reus | Ag\u00e8ncia de publicitat Reus\",\"alternateName\":\"Media Needs\",\"url\":\"https:\\\/\\\/medianeeds.es\\\/\",\"logo\":{\"@type\":\"ImageObject\",\"inLanguage\":\"es\",\"@id\":\"https:\\\/\\\/medianeeds.es\\\/#\\\/schema\\\/logo\\\/image\\\/\",\"url\":\"https:\\\/\\\/medianeeds.es\\\/wp-content\\\/uploads\\\/2024\\\/06\\\/COLOR_Mesa-de-trabajo-1-copia.png\",\"contentUrl\":\"https:\\\/\\\/medianeeds.es\\\/wp-content\\\/uploads\\\/2024\\\/06\\\/COLOR_Mesa-de-trabajo-1-copia.png\",\"width\":470,\"height\":226,\"caption\":\"M\u00e0rketing Reus | Media Needs Reus | Ag\u00e8ncia de publicitat Reus\"},\"image\":{\"@id\":\"https:\\\/\\\/medianeeds.es\\\/#\\\/schema\\\/logo\\\/image\\\/\"},\"sameAs\":[\"https:\\\/\\\/www.facebook.com\\\/medianeeds.es\\\/\",\"https:\\\/\\\/x.com\\\/media_needs\",\"https:\\\/\\\/www.instagram.com\\\/medianeeds\\\/?hl=es\"]},{\"@type\":\"Person\",\"@id\":\"https:\\\/\\\/medianeeds.es\\\/#\\\/schema\\\/person\\\/6a6f2f17f283df3eeb0946feebd2af79\",\"name\":\"Medianeeds\",\"image\":{\"@type\":\"ImageObject\",\"inLanguage\":\"es\",\"@id\":\"https:\\\/\\\/secure.gravatar.com\\\/avatar\\\/442251953f111b43a4668103c7b7c09aa35690e525473fb0bb9db0681ee9c0c3?s=96&d=mm&r=g\",\"url\":\"https:\\\/\\\/secure.gravatar.com\\\/avatar\\\/442251953f111b43a4668103c7b7c09aa35690e525473fb0bb9db0681ee9c0c3?s=96&d=mm&r=g\",\"contentUrl\":\"https:\\\/\\\/secure.gravatar.com\\\/avatar\\\/442251953f111b43a4668103c7b7c09aa35690e525473fb0bb9db0681ee9c0c3?s=96&d=mm&r=g\",\"caption\":\"Medianeeds\"},\"url\":\"https:\\\/\\\/medianeeds.es\\\/es\\\/author\\\/medianeeds\\\/\"}]}<\/script>\n<!-- \/ Yoast SEO plugin. -->","yoast_head_json":{"title":"Community Manager: la profesi\u00f3n de moda - M\u00e0rketing Reus | Media Needs Reus | Ag\u00e8ncia de publicitat Reus","robots":{"index":"index","follow":"follow","max-snippet":"max-snippet:-1","max-image-preview":"max-image-preview:large","max-video-preview":"max-video-preview:-1"},"canonical":"https:\/\/medianeeds.es\/es\/community-manager-la-profesion-de-moda\/","og_locale":"es_ES","og_type":"article","og_title":"Community Manager: la profesi\u00f3n de moda - M\u00e0rketing Reus | Media Needs Reus | Ag\u00e8ncia de publicitat Reus","og_description":"Seguro que conoces a alguien que es\u00a0Community\u00a0Manager, la profesi\u00f3n de moda del 2018. Su trabajo consiste en gestionar todas las redes sociales de una empresa y adem\u00e1s se encarga de hacer una escucha activa de los usuarios que hay en cada uno de los soportes.\u2028Estar al d\u00eda de todas las novedades en las redes es [&hellip;]","og_url":"https:\/\/medianeeds.es\/es\/community-manager-la-profesion-de-moda\/","og_site_name":"M\u00e0rketing Reus | Media Needs Reus | Ag\u00e8ncia de publicitat Reus","article_publisher":"https:\/\/www.facebook.com\/medianeeds.es\/","article_published_time":"2018-10-22T15:59:57+00:00","article_modified_time":"2018-10-22T16:02:37+00:00","og_image":[{"width":997,"height":629,"url":"https:\/\/medianeeds.es\/wp-content\/uploads\/2018\/10\/community-manager.png","type":"image\/png"}],"author":"Medianeeds","twitter_misc":{"Escrito por":"Medianeeds","Tiempo de lectura":"2 minutos"},"schema":{"@context":"https:\/\/schema.org","@graph":[{"@type":"Article","@id":"https:\/\/medianeeds.es\/es\/community-manager-la-profesion-de-moda\/#article","isPartOf":{"@id":"https:\/\/medianeeds.es\/es\/community-manager-la-profesion-de-moda\/"},"author":{"name":"Medianeeds","@id":"https:\/\/medianeeds.es\/#\/schema\/person\/6a6f2f17f283df3eeb0946feebd2af79"},"headline":"Community Manager: la profesi\u00f3n de moda","datePublished":"2018-10-22T15:59:57+00:00","dateModified":"2018-10-22T16:02:37+00:00","mainEntityOfPage":{"@id":"https:\/\/medianeeds.es\/es\/community-manager-la-profesion-de-moda\/"},"wordCount":375,"publisher":{"@id":"https:\/\/medianeeds.es\/#organization"},"image":{"@id":"https:\/\/medianeeds.es\/es\/community-manager-la-profesion-de-moda\/#primaryimage"},"thumbnailUrl":"https:\/\/medianeeds.es\/wp-content\/uploads\/2018\/10\/community-manager.png","articleSection":["Blog","Destacados","M\u00e1rketing","M\u00e0rqueting","Not\u00edcies","Xarxa Social"],"inLanguage":"es"},{"@type":"WebPage","@id":"https:\/\/medianeeds.es\/es\/community-manager-la-profesion-de-moda\/","url":"https:\/\/medianeeds.es\/es\/community-manager-la-profesion-de-moda\/","name":"Community Manager: la profesi\u00f3n de moda - M\u00e0rketing Reus | Media Needs Reus | Ag\u00e8ncia de publicitat Reus","isPartOf":{"@id":"https:\/\/medianeeds.es\/#website"},"primaryImageOfPage":{"@id":"https:\/\/medianeeds.es\/es\/community-manager-la-profesion-de-moda\/#primaryimage"},"image":{"@id":"https:\/\/medianeeds.es\/es\/community-manager-la-profesion-de-moda\/#primaryimage"},"thumbnailUrl":"https:\/\/medianeeds.es\/wp-content\/uploads\/2018\/10\/community-manager.png","datePublished":"2018-10-22T15:59:57+00:00","dateModified":"2018-10-22T16:02:37+00:00","breadcrumb":{"@id":"https:\/\/medianeeds.es\/es\/community-manager-la-profesion-de-moda\/#breadcrumb"},"inLanguage":"es","potentialAction":[{"@type":"ReadAction","target":["https:\/\/medianeeds.es\/es\/community-manager-la-profesion-de-moda\/"]}]},{"@type":"ImageObject","inLanguage":"es","@id":"https:\/\/medianeeds.es\/es\/community-manager-la-profesion-de-moda\/#primaryimage","url":"https:\/\/medianeeds.es\/wp-content\/uploads\/2018\/10\/community-manager.png","contentUrl":"https:\/\/medianeeds.es\/wp-content\/uploads\/2018\/10\/community-manager.png","width":997,"height":629},{"@type":"BreadcrumbList","@id":"https:\/\/medianeeds.es\/es\/community-manager-la-profesion-de-moda\/#breadcrumb","itemListElement":[{"@type":"ListItem","position":1,"name":"Portada","item":"https:\/\/medianeeds.es\/"},{"@type":"ListItem","position":2,"name":"Community Manager: la profesi\u00f3n de moda"}]},{"@type":"WebSite","@id":"https:\/\/medianeeds.es\/#website","url":"https:\/\/medianeeds.es\/","name":"M\u00e0rketing Reus | Media Needs Reus | Ag\u00e8ncia de publicitat Reus","description":"MediaNeeds \u00e9s una empresa especialitzada en serveis integrals de publicitat, m\u00e0rqueting on-line i community manager a Reus, Tarragona","publisher":{"@id":"https:\/\/medianeeds.es\/#organization"},"alternateName":"Media Needs","potentialAction":[{"@type":"SearchAction","target":{"@type":"EntryPoint","urlTemplate":"https:\/\/medianeeds.es\/?s={search_term_string}"},"query-input":{"@type":"PropertyValueSpecification","valueRequired":true,"valueName":"search_term_string"}}],"inLanguage":"es"},{"@type":"Organization","@id":"https:\/\/medianeeds.es\/#organization","name":"M\u00e0rketing Reus | Media Needs Reus | Ag\u00e8ncia de publicitat Reus","alternateName":"Media Needs","url":"https:\/\/medianeeds.es\/","logo":{"@type":"ImageObject","inLanguage":"es","@id":"https:\/\/medianeeds.es\/#\/schema\/logo\/image\/","url":"https:\/\/medianeeds.es\/wp-content\/uploads\/2024\/06\/COLOR_Mesa-de-trabajo-1-copia.png","contentUrl":"https:\/\/medianeeds.es\/wp-content\/uploads\/2024\/06\/COLOR_Mesa-de-trabajo-1-copia.png","width":470,"height":226,"caption":"M\u00e0rketing Reus | Media Needs Reus | Ag\u00e8ncia de publicitat Reus"},"image":{"@id":"https:\/\/medianeeds.es\/#\/schema\/logo\/image\/"},"sameAs":["https:\/\/www.facebook.com\/medianeeds.es\/","https:\/\/x.com\/media_needs","https:\/\/www.instagram.com\/medianeeds\/?hl=es"]},{"@type":"Person","@id":"https:\/\/medianeeds.es\/#\/schema\/person\/6a6f2f17f283df3eeb0946feebd2af79","name":"Medianeeds","image":{"@type":"ImageObject","inLanguage":"es","@id":"https:\/\/secure.gravatar.com\/avatar\/442251953f111b43a4668103c7b7c09aa35690e525473fb0bb9db0681ee9c0c3?s=96&d=mm&r=g","url":"https:\/\/secure.gravatar.com\/avatar\/442251953f111b43a4668103c7b7c09aa35690e525473fb0bb9db0681ee9c0c3?s=96&d=mm&r=g","contentUrl":"https:\/\/secure.gravatar.com\/avatar\/442251953f111b43a4668103c7b7c09aa35690e525473fb0bb9db0681ee9c0c3?s=96&d=mm&r=g","caption":"Medianeeds"},"url":"https:\/\/medianeeds.es\/es\/author\/medianeeds\/"}]}},"_links":{"self":[{"href":"https:\/\/medianeeds.es\/es\/wp-json\/wp\/v2\/posts\/13422","targetHints":{"allow":["GET"]}}],"collection":[{"href":"https:\/\/medianeeds.es\/es\/wp-json\/wp\/v2\/posts"}],"about":[{"href":"https:\/\/medianeeds.es\/es\/wp-json\/wp\/v2\/types\/post"}],"author":[{"embeddable":true,"href":"https:\/\/medianeeds.es\/es\/wp-json\/wp\/v2\/users\/1"}],"replies":[{"embeddable":true,"href":"https:\/\/medianeeds.es\/es\/wp-json\/wp\/v2\/comments?post=13422"}],"version-history":[{"count":1,"href":"https:\/\/medianeeds.es\/es\/wp-json\/wp\/v2\/posts\/13422\/revisions"}],"predecessor-version":[{"id":13423,"href":"https:\/\/medianeeds.es\/es\/wp-json\/wp\/v2\/posts\/13422\/revisions\/13423"}],"wp:featuredmedia":[{"embeddable":true,"href":"https:\/\/medianeeds.es\/es\/wp-json\/wp\/v2\/media\/13416"}],"wp:attachment":[{"href":"https:\/\/medianeeds.es\/es\/wp-json\/wp\/v2\/media?parent=13422"}],"wp:term":[{"taxonomy":"category","embeddable":true,"href":"https:\/\/medianeeds.es\/es\/wp-json\/wp\/v2\/categories?post=13422"},{"taxonomy":"post_tag","embeddable":true,"href":"https:\/\/medianeeds.es\/es\/wp-json\/wp\/v2\/tags?post=13422"}],"curies":[{"name":"wp","href":"https:\/\/api.w.org\/{rel}","templated":true}]}}