{"id":10542,"date":"2018-08-08T10:54:21","date_gmt":"2018-08-08T10:54:21","guid":{"rendered":"https:\/\/medianeeds.es\/\/instagram-per-a-la-teva-empresa\/"},"modified":"2018-08-31T08:43:41","modified_gmt":"2018-08-31T08:43:41","slug":"instagram-per-a-la-teva-empresa","status":"publish","type":"post","link":"https:\/\/medianeeds.es\/es\/instagram-per-a-la-teva-empresa\/","title":{"rendered":"Instagram pera tu empresa"},"content":{"rendered":"<p>Hoy d\u00eda las redes sociales son un elemento clave y de suma importancia para que cualquier empresa, sea grande o peque\u00f1a, pueda ser visible des de una perspectiva diferente, gracias a su imagen, que puede dar de forma controlada de cara a sus posibles clientes.<\/p>\n<p>Instagram es la red social mas reciente que permite a las empresas crear un perfil y as\u00ed llegar a un p\u00fablico objetivo mas extenso. Y sabiendo que esta red social ya supera a Twitter en usuarios activos, no parece mala idea iniciarse en el mundo de la imagen y el postureo para darse a conocer e impulsarse como empresa.<\/p>\n<p>Las marcas y las empresas utilizan esta red social debido a su gran uni\u00f3n con la audiencia y el p\u00fablico, y gracias a esto les permite de forma mas eficiente y f\u00e1cil crear estrategias de fidelizaci\u00f3n de los clientes alrededor de su producto o servicio. Esto puede ser posible gracias a que actualmente Instagram tiene una repercusi\u00f3n 120 veces mayor que Twitter y 58 veces m\u00e1s que Facebook. \u00a0De manera que, los usuarios de las tres redes sociales recibir\u00e1n la informaci\u00f3n de la empresa v\u00eda Instagram antes que por otros medios debido a la masificaci\u00f3n de likes y comparticiones de esta.<\/p>\n<p>La ventaja de esta red social, a dem\u00e1s de ser la mas visitada, es la importancia que da a lo visual. La imagen permite a la empresa dar a conocer su producto y servicio de forma directa en alta calidad. Esto propicia que los clientes y posibles clientes se fijen mas en la empresa ya que una imagen es mas f\u00e1cil de recordar que una palabra o frase. Adem\u00e1s, la aplicaci\u00f3n es \u00fatil desde cualquier navegador, y el hecho que se pueda utilizar a trav\u00e9s de tel\u00e9fonos m\u00f3viles da la posibilidad de publicar informaci\u00f3n de manera que llegue al p\u00fablico de forma inmediata, cosa que hoy en d\u00eda es muy importante. Y poder as\u00ed interactuar de manera instant\u00e1nea como sus seguidores y cualquier persona que pueda ver la publicaci\u00f3n, ya sea desde su perfil de empresa o des de cualquier otro perfil gracias a la herramienta \u201ccompartir\u201d.<\/p>\n<p>A\u00fan siendo Instagram la aplicaci\u00f3n con mas usuarios activos, hoy en d\u00eda las empresas contin\u00faan utilizando mucho mas la red social Facebook con intenci\u00f3n de llegar a un p\u00fablico mas extenso y darse a conocer. No obstante, es una pr\u00e1ctica que poco a poco queda atr\u00e1s ya que es un hecho inequ\u00edvoco que una imagen\u00a0 vale mas que mil palabras, e Instagram sigue el refr\u00e1n al p\u00ede de la letra.<\/p>\n<p>Instagram es una manera importante y creciente de dar a conocer el producto y servicio de la marca o empresa, pero a\u00fan es una red en desarrollo y que a veces puede parecer poco estudiada y fiable. No obstante, las cifras no enga\u00f1an y en pleno 2018 son cada vez mas las empresas que deciden utilizarla y crearse un perfil de empresa donde lo importante no es tan solo el mensaje sino la imagen que se ense\u00f1a.<\/p>\n<p><strong>&#8211; Qu\u00e9 se ha de tener en cuenta a la hora de crear un perfil de empresa en Instagram?<\/strong><\/p>\n<p>Es importante tener claro para qu\u00e9 se quiere crear un perfil en esta red y valorar qu\u00e9 tiene de diferente de la dem\u00e1s y como esto puede beneficiar a la marca. A dem\u00e1s, hace falta saber si la empresa es suficientemente visual como para poder destacar entre los miles de perfiles de empresa que se crean a diario, ya que en alg\u00fan caso la imagen no es tan importante y vale mas la pena seguir utilizando redes sociales como Facebook y Twitter d\u00f3nde la imagen no destaca tanto.<\/p>\n<p>Finalmente, antes de crear un perfil y una vez hechas las valoraciones pertinentes, se tiene que tener claro cual ser\u00e1 la estrategia de m\u00e1rqueting que se utilizar\u00e1 en esta red social, ya que a lo mejor en este \u00faltimo paso nos damos cuenta que Instagram no es compatible con lo que la empresa quiere desarrollar.<\/p>\n<p>Una vez claras todas las opciones que ofrece la red social mas activa del momento, y sabiendo que es adecuada para la empresa o marca que necesita potenciar su desarrollo y crecimiento hacia al p\u00fablico, hagamos un resumen de las mejores herramientas que tiene y que ayudan al establecimiento a hacerse un nombre entre competidores.<\/p>\n<ul>\n<li>Es la red social mas activa, actualmente, por encima de Facebook y Twitter.<\/li>\n<li>A\u00fan no tiene tanta competencia como Facebook y Twitter u otras redes sociales.<\/li>\n<li>Destaca la herramienta de localizaci\u00f3n gr\u00e1fica, que permite al usuario saber donde se encuentra la empresa con fotos.<\/li>\n<li>Cualquier navegador es compatible con la app, esto permite ser mas activo e instant\u00e1neo tanto para el usuario como para la empresa que se quiere dar a conocer.<\/li>\n<\/ul>\n<p>Es claro, pues, que esta red social emergente que potencia el aspecto visual, puede ser\u00a0 una buena opci\u00f3n a la hora de dar a conocer los productos y servicios que ofrece tu empresa o marca. Comprueba que tu modelo de negocio encaja con esta filosof\u00eda de la\u00a0 imagen y date a conocer a trav\u00e9s de un perfil de empresa.<\/p>\n","protected":false},"excerpt":{"rendered":"<p>Hoy d\u00eda las redes sociales son un elemento clave y de suma importancia para que cualquier empresa, sea grande o peque\u00f1a, pueda ser visible des de una perspectiva diferente, gracias a su imagen, que puede dar de forma controlada de cara a sus posibles clientes. Instagram es la red social mas reciente que permite a [&hellip;]<\/p>\n","protected":false},"author":1,"featured_media":10327,"comment_status":"closed","ping_status":"closed","sticky":false,"template":"","format":"standard","meta":{"_et_pb_use_builder":"","_et_pb_old_content":"","_et_gb_content_width":"","footnotes":""},"categories":[252],"tags":[24,244,245],"class_list":["post-10542","post","type-post","status-publish","format-standard","has-post-thumbnail","hentry","category-noticias","tag-empresa-es","tag-instagram-es-2","tag-xarxa-social-es"],"yoast_head":"<!-- This site is optimized with the Yoast SEO plugin v27.5 - https:\/\/yoast.com\/product\/yoast-seo-wordpress\/ -->\n<title>Instagram pera tu empresa - Media Needs Comunicaci\u00f3 i Publicitat de Reus<\/title>\n<meta name=\"description\" content=\"Avui dia les xarxes socials s\u00f3n un element clau i de suma import\u00e0ncia per a que qualsevol empresa, sigui gran o petita i ser vista d&#039;una manera diferent.\" \/>\n<meta name=\"robots\" content=\"index, follow, max-snippet:-1, max-image-preview:large, max-video-preview:-1\" \/>\n<link rel=\"canonical\" href=\"https:\/\/medianeeds.es\/es\/instagram-per-a-la-teva-empresa\/\" \/>\n<meta property=\"og:locale\" content=\"es_ES\" \/>\n<meta property=\"og:type\" content=\"article\" \/>\n<meta property=\"og:title\" content=\"Instagram pera tu empresa - Media Needs Comunicaci\u00f3 i Publicitat de Reus\" \/>\n<meta property=\"og:description\" content=\"Avui dia les xarxes socials s\u00f3n un element clau i de suma import\u00e0ncia per a que qualsevol empresa, sigui gran o petita i ser vista d&#039;una manera diferent.\" \/>\n<meta property=\"og:url\" content=\"https:\/\/medianeeds.es\/es\/instagram-per-a-la-teva-empresa\/\" \/>\n<meta property=\"og:site_name\" content=\"M\u00e0rketing Reus | Media Needs Reus | Ag\u00e8ncia de publicitat Reus\" \/>\n<meta property=\"article:publisher\" content=\"https:\/\/www.facebook.com\/medianeeds.es\/\" \/>\n<meta property=\"article:published_time\" content=\"2018-08-08T10:54:21+00:00\" \/>\n<meta property=\"article:modified_time\" content=\"2018-08-31T08:43:41+00:00\" \/>\n<meta property=\"og:image\" content=\"https:\/\/medianeeds.es\/wp-content\/uploads\/2018\/08\/Imatge-Medianeeds-instagrem.jpg\" \/>\n\t<meta property=\"og:image:width\" content=\"997\" \/>\n\t<meta property=\"og:image:height\" content=\"629\" \/>\n\t<meta property=\"og:image:type\" content=\"image\/jpeg\" \/>\n<meta name=\"author\" content=\"Medianeeds\" \/>\n<meta name=\"twitter:label1\" content=\"Escrito por\" \/>\n\t<meta name=\"twitter:data1\" content=\"Medianeeds\" \/>\n\t<meta name=\"twitter:label2\" content=\"Tiempo de lectura\" \/>\n\t<meta name=\"twitter:data2\" content=\"4 minutos\" \/>\n<script type=\"application\/ld+json\" class=\"yoast-schema-graph\">{\"@context\":\"https:\\\/\\\/schema.org\",\"@graph\":[{\"@type\":\"Article\",\"@id\":\"https:\\\/\\\/medianeeds.es\\\/es\\\/instagram-per-a-la-teva-empresa\\\/#article\",\"isPartOf\":{\"@id\":\"https:\\\/\\\/medianeeds.es\\\/es\\\/instagram-per-a-la-teva-empresa\\\/\"},\"author\":{\"name\":\"Medianeeds\",\"@id\":\"https:\\\/\\\/medianeeds.es\\\/#\\\/schema\\\/person\\\/6a6f2f17f283df3eeb0946feebd2af79\"},\"headline\":\"Instagram pera tu empresa\",\"datePublished\":\"2018-08-08T10:54:21+00:00\",\"dateModified\":\"2018-08-31T08:43:41+00:00\",\"mainEntityOfPage\":{\"@id\":\"https:\\\/\\\/medianeeds.es\\\/es\\\/instagram-per-a-la-teva-empresa\\\/\"},\"wordCount\":900,\"publisher\":{\"@id\":\"https:\\\/\\\/medianeeds.es\\\/#organization\"},\"image\":{\"@id\":\"https:\\\/\\\/medianeeds.es\\\/es\\\/instagram-per-a-la-teva-empresa\\\/#primaryimage\"},\"thumbnailUrl\":\"https:\\\/\\\/medianeeds.es\\\/wp-content\\\/uploads\\\/2018\\\/08\\\/Imatge-Medianeeds-instagrem.jpg\",\"keywords\":[\"Empresa\",\"instagram\",\"Xarxa Social\"],\"articleSection\":[\"Noticias\"],\"inLanguage\":\"es\"},{\"@type\":\"WebPage\",\"@id\":\"https:\\\/\\\/medianeeds.es\\\/es\\\/instagram-per-a-la-teva-empresa\\\/\",\"url\":\"https:\\\/\\\/medianeeds.es\\\/es\\\/instagram-per-a-la-teva-empresa\\\/\",\"name\":\"Instagram pera tu empresa - Media Needs Comunicaci\u00f3 i Publicitat de Reus\",\"isPartOf\":{\"@id\":\"https:\\\/\\\/medianeeds.es\\\/#website\"},\"primaryImageOfPage\":{\"@id\":\"https:\\\/\\\/medianeeds.es\\\/es\\\/instagram-per-a-la-teva-empresa\\\/#primaryimage\"},\"image\":{\"@id\":\"https:\\\/\\\/medianeeds.es\\\/es\\\/instagram-per-a-la-teva-empresa\\\/#primaryimage\"},\"thumbnailUrl\":\"https:\\\/\\\/medianeeds.es\\\/wp-content\\\/uploads\\\/2018\\\/08\\\/Imatge-Medianeeds-instagrem.jpg\",\"datePublished\":\"2018-08-08T10:54:21+00:00\",\"dateModified\":\"2018-08-31T08:43:41+00:00\",\"description\":\"Avui dia les xarxes socials s\u00f3n un element clau i de suma import\u00e0ncia per a que qualsevol empresa, sigui gran o petita i ser vista d'una manera diferent.\",\"breadcrumb\":{\"@id\":\"https:\\\/\\\/medianeeds.es\\\/es\\\/instagram-per-a-la-teva-empresa\\\/#breadcrumb\"},\"inLanguage\":\"es\",\"potentialAction\":[{\"@type\":\"ReadAction\",\"target\":[\"https:\\\/\\\/medianeeds.es\\\/es\\\/instagram-per-a-la-teva-empresa\\\/\"]}]},{\"@type\":\"ImageObject\",\"inLanguage\":\"es\",\"@id\":\"https:\\\/\\\/medianeeds.es\\\/es\\\/instagram-per-a-la-teva-empresa\\\/#primaryimage\",\"url\":\"https:\\\/\\\/medianeeds.es\\\/wp-content\\\/uploads\\\/2018\\\/08\\\/Imatge-Medianeeds-instagrem.jpg\",\"contentUrl\":\"https:\\\/\\\/medianeeds.es\\\/wp-content\\\/uploads\\\/2018\\\/08\\\/Imatge-Medianeeds-instagrem.jpg\",\"width\":997,\"height\":629},{\"@type\":\"BreadcrumbList\",\"@id\":\"https:\\\/\\\/medianeeds.es\\\/es\\\/instagram-per-a-la-teva-empresa\\\/#breadcrumb\",\"itemListElement\":[{\"@type\":\"ListItem\",\"position\":1,\"name\":\"Portada\",\"item\":\"https:\\\/\\\/medianeeds.es\\\/\"},{\"@type\":\"ListItem\",\"position\":2,\"name\":\"Instagram pera tu empresa\"}]},{\"@type\":\"WebSite\",\"@id\":\"https:\\\/\\\/medianeeds.es\\\/#website\",\"url\":\"https:\\\/\\\/medianeeds.es\\\/\",\"name\":\"M\u00e0rketing Reus | Media Needs Reus | Ag\u00e8ncia de publicitat Reus\",\"description\":\"MediaNeeds \u00e9s una empresa especialitzada en serveis integrals de publicitat, m\u00e0rqueting on-line i community manager a Reus, Tarragona\",\"publisher\":{\"@id\":\"https:\\\/\\\/medianeeds.es\\\/#organization\"},\"alternateName\":\"Media Needs\",\"potentialAction\":[{\"@type\":\"SearchAction\",\"target\":{\"@type\":\"EntryPoint\",\"urlTemplate\":\"https:\\\/\\\/medianeeds.es\\\/?s={search_term_string}\"},\"query-input\":{\"@type\":\"PropertyValueSpecification\",\"valueRequired\":true,\"valueName\":\"search_term_string\"}}],\"inLanguage\":\"es\"},{\"@type\":\"Organization\",\"@id\":\"https:\\\/\\\/medianeeds.es\\\/#organization\",\"name\":\"M\u00e0rketing Reus | Media Needs Reus | Ag\u00e8ncia de publicitat Reus\",\"alternateName\":\"Media Needs\",\"url\":\"https:\\\/\\\/medianeeds.es\\\/\",\"logo\":{\"@type\":\"ImageObject\",\"inLanguage\":\"es\",\"@id\":\"https:\\\/\\\/medianeeds.es\\\/#\\\/schema\\\/logo\\\/image\\\/\",\"url\":\"https:\\\/\\\/medianeeds.es\\\/wp-content\\\/uploads\\\/2024\\\/06\\\/COLOR_Mesa-de-trabajo-1-copia.png\",\"contentUrl\":\"https:\\\/\\\/medianeeds.es\\\/wp-content\\\/uploads\\\/2024\\\/06\\\/COLOR_Mesa-de-trabajo-1-copia.png\",\"width\":470,\"height\":226,\"caption\":\"M\u00e0rketing Reus | Media Needs Reus | Ag\u00e8ncia de publicitat Reus\"},\"image\":{\"@id\":\"https:\\\/\\\/medianeeds.es\\\/#\\\/schema\\\/logo\\\/image\\\/\"},\"sameAs\":[\"https:\\\/\\\/www.facebook.com\\\/medianeeds.es\\\/\",\"https:\\\/\\\/x.com\\\/media_needs\",\"https:\\\/\\\/www.instagram.com\\\/medianeeds\\\/?hl=es\"]},{\"@type\":\"Person\",\"@id\":\"https:\\\/\\\/medianeeds.es\\\/#\\\/schema\\\/person\\\/6a6f2f17f283df3eeb0946feebd2af79\",\"name\":\"Medianeeds\",\"image\":{\"@type\":\"ImageObject\",\"inLanguage\":\"es\",\"@id\":\"https:\\\/\\\/secure.gravatar.com\\\/avatar\\\/442251953f111b43a4668103c7b7c09aa35690e525473fb0bb9db0681ee9c0c3?s=96&d=mm&r=g\",\"url\":\"https:\\\/\\\/secure.gravatar.com\\\/avatar\\\/442251953f111b43a4668103c7b7c09aa35690e525473fb0bb9db0681ee9c0c3?s=96&d=mm&r=g\",\"contentUrl\":\"https:\\\/\\\/secure.gravatar.com\\\/avatar\\\/442251953f111b43a4668103c7b7c09aa35690e525473fb0bb9db0681ee9c0c3?s=96&d=mm&r=g\",\"caption\":\"Medianeeds\"},\"url\":\"https:\\\/\\\/medianeeds.es\\\/es\\\/author\\\/medianeeds\\\/\"}]}<\/script>\n<!-- \/ Yoast SEO plugin. -->","yoast_head_json":{"title":"Instagram pera tu empresa - Media Needs Comunicaci\u00f3 i Publicitat de Reus","description":"Avui dia les xarxes socials s\u00f3n un element clau i de suma import\u00e0ncia per a que qualsevol empresa, sigui gran o petita i ser vista d'una manera diferent.","robots":{"index":"index","follow":"follow","max-snippet":"max-snippet:-1","max-image-preview":"max-image-preview:large","max-video-preview":"max-video-preview:-1"},"canonical":"https:\/\/medianeeds.es\/es\/instagram-per-a-la-teva-empresa\/","og_locale":"es_ES","og_type":"article","og_title":"Instagram pera tu empresa - Media Needs Comunicaci\u00f3 i Publicitat de Reus","og_description":"Avui dia les xarxes socials s\u00f3n un element clau i de suma import\u00e0ncia per a que qualsevol empresa, sigui gran o petita i ser vista d'una manera diferent.","og_url":"https:\/\/medianeeds.es\/es\/instagram-per-a-la-teva-empresa\/","og_site_name":"M\u00e0rketing Reus | Media Needs Reus | Ag\u00e8ncia de publicitat Reus","article_publisher":"https:\/\/www.facebook.com\/medianeeds.es\/","article_published_time":"2018-08-08T10:54:21+00:00","article_modified_time":"2018-08-31T08:43:41+00:00","og_image":[{"width":997,"height":629,"url":"https:\/\/medianeeds.es\/wp-content\/uploads\/2018\/08\/Imatge-Medianeeds-instagrem.jpg","type":"image\/jpeg"}],"author":"Medianeeds","twitter_misc":{"Escrito por":"Medianeeds","Tiempo de lectura":"4 minutos"},"schema":{"@context":"https:\/\/schema.org","@graph":[{"@type":"Article","@id":"https:\/\/medianeeds.es\/es\/instagram-per-a-la-teva-empresa\/#article","isPartOf":{"@id":"https:\/\/medianeeds.es\/es\/instagram-per-a-la-teva-empresa\/"},"author":{"name":"Medianeeds","@id":"https:\/\/medianeeds.es\/#\/schema\/person\/6a6f2f17f283df3eeb0946feebd2af79"},"headline":"Instagram pera tu empresa","datePublished":"2018-08-08T10:54:21+00:00","dateModified":"2018-08-31T08:43:41+00:00","mainEntityOfPage":{"@id":"https:\/\/medianeeds.es\/es\/instagram-per-a-la-teva-empresa\/"},"wordCount":900,"publisher":{"@id":"https:\/\/medianeeds.es\/#organization"},"image":{"@id":"https:\/\/medianeeds.es\/es\/instagram-per-a-la-teva-empresa\/#primaryimage"},"thumbnailUrl":"https:\/\/medianeeds.es\/wp-content\/uploads\/2018\/08\/Imatge-Medianeeds-instagrem.jpg","keywords":["Empresa","instagram","Xarxa Social"],"articleSection":["Noticias"],"inLanguage":"es"},{"@type":"WebPage","@id":"https:\/\/medianeeds.es\/es\/instagram-per-a-la-teva-empresa\/","url":"https:\/\/medianeeds.es\/es\/instagram-per-a-la-teva-empresa\/","name":"Instagram pera tu empresa - Media Needs Comunicaci\u00f3 i Publicitat de Reus","isPartOf":{"@id":"https:\/\/medianeeds.es\/#website"},"primaryImageOfPage":{"@id":"https:\/\/medianeeds.es\/es\/instagram-per-a-la-teva-empresa\/#primaryimage"},"image":{"@id":"https:\/\/medianeeds.es\/es\/instagram-per-a-la-teva-empresa\/#primaryimage"},"thumbnailUrl":"https:\/\/medianeeds.es\/wp-content\/uploads\/2018\/08\/Imatge-Medianeeds-instagrem.jpg","datePublished":"2018-08-08T10:54:21+00:00","dateModified":"2018-08-31T08:43:41+00:00","description":"Avui dia les xarxes socials s\u00f3n un element clau i de suma import\u00e0ncia per a que qualsevol empresa, sigui gran o petita i ser vista d'una manera diferent.","breadcrumb":{"@id":"https:\/\/medianeeds.es\/es\/instagram-per-a-la-teva-empresa\/#breadcrumb"},"inLanguage":"es","potentialAction":[{"@type":"ReadAction","target":["https:\/\/medianeeds.es\/es\/instagram-per-a-la-teva-empresa\/"]}]},{"@type":"ImageObject","inLanguage":"es","@id":"https:\/\/medianeeds.es\/es\/instagram-per-a-la-teva-empresa\/#primaryimage","url":"https:\/\/medianeeds.es\/wp-content\/uploads\/2018\/08\/Imatge-Medianeeds-instagrem.jpg","contentUrl":"https:\/\/medianeeds.es\/wp-content\/uploads\/2018\/08\/Imatge-Medianeeds-instagrem.jpg","width":997,"height":629},{"@type":"BreadcrumbList","@id":"https:\/\/medianeeds.es\/es\/instagram-per-a-la-teva-empresa\/#breadcrumb","itemListElement":[{"@type":"ListItem","position":1,"name":"Portada","item":"https:\/\/medianeeds.es\/"},{"@type":"ListItem","position":2,"name":"Instagram pera tu empresa"}]},{"@type":"WebSite","@id":"https:\/\/medianeeds.es\/#website","url":"https:\/\/medianeeds.es\/","name":"M\u00e0rketing Reus | Media Needs Reus | Ag\u00e8ncia de publicitat Reus","description":"MediaNeeds \u00e9s una empresa especialitzada en serveis integrals de publicitat, m\u00e0rqueting on-line i community manager a Reus, Tarragona","publisher":{"@id":"https:\/\/medianeeds.es\/#organization"},"alternateName":"Media Needs","potentialAction":[{"@type":"SearchAction","target":{"@type":"EntryPoint","urlTemplate":"https:\/\/medianeeds.es\/?s={search_term_string}"},"query-input":{"@type":"PropertyValueSpecification","valueRequired":true,"valueName":"search_term_string"}}],"inLanguage":"es"},{"@type":"Organization","@id":"https:\/\/medianeeds.es\/#organization","name":"M\u00e0rketing Reus | Media Needs Reus | Ag\u00e8ncia de publicitat Reus","alternateName":"Media Needs","url":"https:\/\/medianeeds.es\/","logo":{"@type":"ImageObject","inLanguage":"es","@id":"https:\/\/medianeeds.es\/#\/schema\/logo\/image\/","url":"https:\/\/medianeeds.es\/wp-content\/uploads\/2024\/06\/COLOR_Mesa-de-trabajo-1-copia.png","contentUrl":"https:\/\/medianeeds.es\/wp-content\/uploads\/2024\/06\/COLOR_Mesa-de-trabajo-1-copia.png","width":470,"height":226,"caption":"M\u00e0rketing Reus | Media Needs Reus | Ag\u00e8ncia de publicitat Reus"},"image":{"@id":"https:\/\/medianeeds.es\/#\/schema\/logo\/image\/"},"sameAs":["https:\/\/www.facebook.com\/medianeeds.es\/","https:\/\/x.com\/media_needs","https:\/\/www.instagram.com\/medianeeds\/?hl=es"]},{"@type":"Person","@id":"https:\/\/medianeeds.es\/#\/schema\/person\/6a6f2f17f283df3eeb0946feebd2af79","name":"Medianeeds","image":{"@type":"ImageObject","inLanguage":"es","@id":"https:\/\/secure.gravatar.com\/avatar\/442251953f111b43a4668103c7b7c09aa35690e525473fb0bb9db0681ee9c0c3?s=96&d=mm&r=g","url":"https:\/\/secure.gravatar.com\/avatar\/442251953f111b43a4668103c7b7c09aa35690e525473fb0bb9db0681ee9c0c3?s=96&d=mm&r=g","contentUrl":"https:\/\/secure.gravatar.com\/avatar\/442251953f111b43a4668103c7b7c09aa35690e525473fb0bb9db0681ee9c0c3?s=96&d=mm&r=g","caption":"Medianeeds"},"url":"https:\/\/medianeeds.es\/es\/author\/medianeeds\/"}]}},"_links":{"self":[{"href":"https:\/\/medianeeds.es\/es\/wp-json\/wp\/v2\/posts\/10542","targetHints":{"allow":["GET"]}}],"collection":[{"href":"https:\/\/medianeeds.es\/es\/wp-json\/wp\/v2\/posts"}],"about":[{"href":"https:\/\/medianeeds.es\/es\/wp-json\/wp\/v2\/types\/post"}],"author":[{"embeddable":true,"href":"https:\/\/medianeeds.es\/es\/wp-json\/wp\/v2\/users\/1"}],"replies":[{"embeddable":true,"href":"https:\/\/medianeeds.es\/es\/wp-json\/wp\/v2\/comments?post=10542"}],"version-history":[{"count":1,"href":"https:\/\/medianeeds.es\/es\/wp-json\/wp\/v2\/posts\/10542\/revisions"}],"predecessor-version":[{"id":10553,"href":"https:\/\/medianeeds.es\/es\/wp-json\/wp\/v2\/posts\/10542\/revisions\/10553"}],"wp:featuredmedia":[{"embeddable":true,"href":"https:\/\/medianeeds.es\/es\/wp-json\/wp\/v2\/media\/10327"}],"wp:attachment":[{"href":"https:\/\/medianeeds.es\/es\/wp-json\/wp\/v2\/media?parent=10542"}],"wp:term":[{"taxonomy":"category","embeddable":true,"href":"https:\/\/medianeeds.es\/es\/wp-json\/wp\/v2\/categories?post=10542"},{"taxonomy":"post_tag","embeddable":true,"href":"https:\/\/medianeeds.es\/es\/wp-json\/wp\/v2\/tags?post=10542"}],"curies":[{"name":"wp","href":"https:\/\/api.w.org\/{rel}","templated":true}]}}